{"id":8381,"date":"2022-08-24T15:55:46","date_gmt":"2022-08-24T13:55:46","guid":{"rendered":"https:\/\/www.bretema.es\/?p=8381"},"modified":"2022-08-25T13:19:58","modified_gmt":"2022-08-25T11:19:58","slug":"anotaciones-sobre-el-perte-agroalimentario","status":"publish","type":"post","link":"https:\/\/www.bretema.es\/index.php\/2022\/08\/24\/anotaciones-sobre-el-perte-agroalimentario\/","title":{"rendered":"Anotaciones sobre el PERTE Agroalimentario"},"content":{"rendered":"\t\t<div data-elementor-type=\"wp-post\" data-elementor-id=\"8381\" class=\"elementor elementor-8381\">\n\t\t\t\t\t\t<div class=\"elementor-inner\">\n\t\t\t\t<div class=\"elementor-section-wrap\">\n\t\t\t\t\t\t\t\t\t<section class=\"elementor-section elementor-top-section elementor-element elementor-element-1edbab5 elementor-section-boxed elementor-section-height-default elementor-section-height-default\" data-id=\"1edbab5\" data-element_type=\"section\">\n\t\t\t\t\t\t<div class=\"elementor-container elementor-column-gap-default\">\n\t\t\t\t\t\t\t<div class=\"elementor-row\">\n\t\t\t\t\t<div class=\"elementor-column elementor-col-100 elementor-top-column elementor-element elementor-element-d0b5772\" data-id=\"d0b5772\" data-element_type=\"column\">\n\t\t\t<div class=\"elementor-column-wrap elementor-element-populated\">\n\t\t\t\t\t\t\t<div class=\"elementor-widget-wrap\">\n\t\t\t\t\t\t<div class=\"elementor-element elementor-element-322a744 elementor-widget elementor-widget-heading\" data-id=\"322a744\" data-element_type=\"widget\" data-widget_type=\"heading.default\">\n\t\t\t\t<div class=\"elementor-widget-container\">\n\t\t\t<h2 class=\"elementor-heading-title elementor-size-default\">#  Perte Agroalimentario  EJE 1<\/h2>\t\t<\/div>\n\t\t\t\t<\/div>\n\t\t\t\t\t\t<\/div>\n\t\t\t\t\t<\/div>\n\t\t<\/div>\n\t\t\t\t\t\t\t\t<\/div>\n\t\t\t\t\t<\/div>\n\t\t<\/section>\n\t\t\t\t<section class=\"elementor-section elementor-top-section elementor-element elementor-element-cd7qlby elementor-section-boxed elementor-section-height-default elementor-section-height-default\" data-id=\"cd7qlby\" data-element_type=\"section\" data-settings=\"{&quot;background_background&quot;:&quot;classic&quot;}\">\n\t\t\t\t\t\t\t<div class=\"elementor-background-overlay\"><\/div>\n\t\t\t\t\t\t\t<div class=\"elementor-container elementor-column-gap-default\">\n\t\t\t\t\t\t\t<div class=\"elementor-row\">\n\t\t\t\t\t<div class=\"elementor-column elementor-col-100 elementor-top-column elementor-element elementor-element-aebbe10\" data-id=\"aebbe10\" data-element_type=\"column\">\n\t\t\t<div class=\"elementor-column-wrap\">\n\t\t\t\t\t\t\t<div class=\"elementor-widget-wrap\">\n\t\t\t\t\t\t\t\t<\/div>\n\t\t\t\t\t<\/div>\n\t\t<\/div>\n\t\t\t\t\t\t\t\t<\/div>\n\t\t\t\t\t<\/div>\n\t\t<\/section>\n\t\t\t\t<section class=\"elementor-section elementor-top-section elementor-element elementor-element-db649c5 elementor-section-boxed elementor-section-height-default elementor-section-height-default\" data-id=\"db649c5\" data-element_type=\"section\">\n\t\t\t\t\t\t<div class=\"elementor-container elementor-column-gap-default\">\n\t\t\t\t\t\t\t<div class=\"elementor-row\">\n\t\t\t\t\t<div class=\"elementor-column elementor-col-100 elementor-top-column elementor-element elementor-element-3aa5d95\" data-id=\"3aa5d95\" data-element_type=\"column\">\n\t\t\t<div class=\"elementor-column-wrap elementor-element-populated\">\n\t\t\t\t\t\t\t<div class=\"elementor-widget-wrap\">\n\t\t\t\t\t\t<div class=\"elementor-element elementor-element-8a4321f elementor-widget elementor-widget-spacer\" data-id=\"8a4321f\" data-element_type=\"widget\" data-widget_type=\"spacer.default\">\n\t\t\t\t<div class=\"elementor-widget-container\">\n\t\t\t\t\t<div class=\"elementor-spacer\">\n\t\t\t<div class=\"elementor-spacer-inner\"><\/div>\n\t\t<\/div>\n\t\t\t\t<\/div>\n\t\t\t\t<\/div>\n\t\t\t\t\t\t<\/div>\n\t\t\t\t\t<\/div>\n\t\t<\/div>\n\t\t\t\t\t\t\t\t<\/div>\n\t\t\t\t\t<\/div>\n\t\t<\/section>\n\t\t\t\t<section class=\"elementor-section elementor-top-section elementor-element elementor-element-2fa8f09 elementor-section-boxed elementor-section-height-default elementor-section-height-default\" data-id=\"2fa8f09\" data-element_type=\"section\">\n\t\t\t\t\t\t<div class=\"elementor-container elementor-column-gap-default\">\n\t\t\t\t\t\t\t<div class=\"elementor-row\">\n\t\t\t\t\t<div class=\"elementor-column elementor-col-100 elementor-top-column elementor-element elementor-element-9536a40\" data-id=\"9536a40\" data-element_type=\"column\">\n\t\t\t<div class=\"elementor-column-wrap elementor-element-populated\">\n\t\t\t\t\t\t\t<div class=\"elementor-widget-wrap\">\n\t\t\t\t\t\t<div class=\"elementor-element elementor-element-db6024a elementor-widget elementor-widget-text-editor\" data-id=\"db6024a\" data-element_type=\"widget\" data-widget_type=\"text-editor.default\">\n\t\t\t\t<div class=\"elementor-widget-container\">\n\t\t\t\t\t\t\t\t<div class=\"elementor-text-editor elementor-clearfix\">\n\t\t\t\t<p><b>NOTAS SOBRE EL PERTE\u00a0 AGROALIMENTARIO,<\/b><span style=\"font-weight: 400;\"><strong> EJE 1<\/strong>, en lo relativo a sus generalidades y\u00a0 proyectos de apoyo espec\u00edfico a la industria agroalimentaria mediante un Plan Integral de Trazabilidad y Seguridad Alimentaria \u201cPITSA\u201d y la facilitaci\u00f3n de subvenciones mediante la gesti\u00f3n ambiental. <\/span><\/p>\t\t\t\t\t<\/div>\n\t\t\t\t\t\t<\/div>\n\t\t\t\t<\/div>\n\t\t\t\t\t\t<\/div>\n\t\t\t\t\t<\/div>\n\t\t<\/div>\n\t\t\t\t\t\t\t\t<\/div>\n\t\t\t\t\t<\/div>\n\t\t<\/section>\n\t\t\t\t<section class=\"elementor-section elementor-top-section elementor-element elementor-element-05f6036 elementor-section-boxed elementor-section-height-default elementor-section-height-default\" data-id=\"05f6036\" data-element_type=\"section\">\n\t\t\t\t\t\t\t<div class=\"elementor-background-overlay\"><\/div>\n\t\t\t\t\t\t\t<div class=\"elementor-container elementor-column-gap-default\">\n\t\t\t\t\t\t\t<div class=\"elementor-row\">\n\t\t\t\t\t<div class=\"elementor-column elementor-col-100 elementor-top-column elementor-element elementor-element-6e4ef75\" data-id=\"6e4ef75\" data-element_type=\"column\">\n\t\t\t<div class=\"elementor-column-wrap elementor-element-populated\">\n\t\t\t\t\t\t\t<div class=\"elementor-widget-wrap\">\n\t\t\t\t\t\t<div class=\"elementor-element elementor-element-c3507f5 elementor-widget elementor-widget-text-editor\" data-id=\"c3507f5\" data-element_type=\"widget\" data-widget_type=\"text-editor.default\">\n\t\t\t\t<div class=\"elementor-widget-container\">\n\t\t\t\t\t\t\t\t<div class=\"elementor-text-editor elementor-clearfix\">\n\t\t\t\t<p><strong>Definiciones: <\/strong><\/p>\t\t\t\t\t<\/div>\n\t\t\t\t\t\t<\/div>\n\t\t\t\t<\/div>\n\t\t\t\t\t\t<\/div>\n\t\t\t\t\t<\/div>\n\t\t<\/div>\n\t\t\t\t\t\t\t\t<\/div>\n\t\t\t\t\t<\/div>\n\t\t<\/section>\n\t\t\t\t<section class=\"elementor-section elementor-top-section elementor-element elementor-element-1c6f837 elementor-section-boxed elementor-section-height-default elementor-section-height-default\" data-id=\"1c6f837\" data-element_type=\"section\">\n\t\t\t\t\t\t<div class=\"elementor-container elementor-column-gap-default\">\n\t\t\t\t\t\t\t<div class=\"elementor-row\">\n\t\t\t\t\t<div class=\"elementor-column elementor-col-100 elementor-top-column elementor-element elementor-element-d2af4f6\" data-id=\"d2af4f6\" data-element_type=\"column\">\n\t\t\t<div class=\"elementor-column-wrap elementor-element-populated\">\n\t\t\t\t\t\t\t<div class=\"elementor-widget-wrap\">\n\t\t\t\t\t\t<div class=\"elementor-element elementor-element-cc919a0 elementor-widget elementor-widget-text-editor\" data-id=\"cc919a0\" data-element_type=\"widget\" data-widget_type=\"text-editor.default\">\n\t\t\t\t<div class=\"elementor-widget-container\">\n\t\t\t\t\t\t\t\t<div class=\"elementor-text-editor elementor-clearfix\">\n\t\t\t\t<p><b>PERTE :<\/b> <span style=\"font-weight: 400;\">Proyectos Estrat\u00e9gicos Para La Recuperaci\u00f3n y Transformaci\u00f3n Econ\u00f3mica<\/span><\/p><p><b>PROYECTO TRACTOR<\/b> <span style=\"font-weight: 400;\">: Proyecto de car\u00e1cter estrat\u00e9gico con gran capacidad de arrastre para el crecimiento econ\u00f3mico, el empleo y la competitividad de la econom\u00eda espa\u00f1ola. El objeto del mismo ser\u00e1 impulsar la cadena de valor de la industria agroalimentaria en todos sus componentes de forma generalizada.\u00a0 Ser\u00e1 obligatorio que dentro de un proyecto tractor se presenten todos los agentes pertenecientes a la industria manufacturera que sean necesarios para la producci\u00f3n y puesta en comercializaci\u00f3n del producto al que est\u00e9n enfocados, de forma que se quede completamente representada la cadena de valor del sector industrial al que representa.\u00a0<\/span><\/p><p><b>PROYECTO PRIMARIO: <\/b><span style=\"font-weight: 400;\">Cada una de las actuaciones a desarrollar coma con entidad propia y objetivos espec\u00edficos concretos y aut\u00f3nomos, que llevar\u00e1 a cabo uno o varios promotores industriales y en los que podr\u00edan participar como subcontratistas proveedores de tecnolog\u00eda o conocimiento conjuntamente en uno o varios bloques de los contemplados en el eje 1 del PERTE agroalimentario.<\/span><\/p><p><b>PROVEEDOR DE TECNOLOG\u00cdA O CONOCIMIENTO<\/b><span style=\"font-weight: 400;\">:\u00a0 Cualquier entidad o empresa p\u00fablica o privada, que pueda formar parte de la agrupaci\u00f3n, o alternativamente act\u00fae como entidad subcontratada o como colaborador externo de la agrupaci\u00f3n, y que proporcione el conocimiento y\/o tecnolog\u00eda necesarios para llevar a cabo, al menos, algunas partes de las actuaciones a desarrollar en los establecimientos de los promotores.\u00a0<\/span><\/p><p class=\"p1\"><span style=\"font-weight: 400;\">La principal medida de apoyo del PERTE Agroalimentario ser\u00e1 una l\u00ednea de ayudas de car\u00e1cter plurianual gestionada por el Ministerio de Industria, Comercio y Turismo, cuyo objeto ser\u00e1 la concesi\u00f3n de pr\u00e9stamos con un tramo no reembolsable (pr\u00e9stamo y subvenci\u00f3n) y que contar\u00e1 con la financiaci\u00f3n del Mecanismo de Recuperaci\u00f3n y Resiliencia, en la parte de subvenci\u00f3n, y con la financiaci\u00f3n del presupuesto nacional, en la parte de pr\u00e9stamo<\/span><\/p>\t\t\t\t\t<\/div>\n\t\t\t\t\t\t<\/div>\n\t\t\t\t<\/div>\n\t\t\t\t\t\t<\/div>\n\t\t\t\t\t<\/div>\n\t\t<\/div>\n\t\t\t\t\t\t\t\t<\/div>\n\t\t\t\t\t<\/div>\n\t\t<\/section>\n\t\t\t\t<section class=\"elementor-section elementor-top-section elementor-element elementor-element-9694f91 elementor-section-boxed elementor-section-height-default elementor-section-height-default\" data-id=\"9694f91\" data-element_type=\"section\">\n\t\t\t\t\t\t\t<div class=\"elementor-background-overlay\"><\/div>\n\t\t\t\t\t\t\t<div class=\"elementor-container elementor-column-gap-default\">\n\t\t\t\t\t\t\t<div class=\"elementor-row\">\n\t\t\t\t\t<div class=\"elementor-column elementor-col-100 elementor-top-column elementor-element elementor-element-0017f23\" data-id=\"0017f23\" data-element_type=\"column\">\n\t\t\t<div class=\"elementor-column-wrap elementor-element-populated\">\n\t\t\t\t\t\t\t<div class=\"elementor-widget-wrap\">\n\t\t\t\t\t\t<div class=\"elementor-element elementor-element-8ec47c3 elementor-widget elementor-widget-text-editor\" data-id=\"8ec47c3\" data-element_type=\"widget\" data-widget_type=\"text-editor.default\">\n\t\t\t\t<div class=\"elementor-widget-container\">\n\t\t\t\t\t\t\t\t<div class=\"elementor-text-editor elementor-clearfix\">\n\t\t\t\t<p><b>Ejes\u00a0 de actuaci\u00f3n: <\/b><\/p>\t\t\t\t\t<\/div>\n\t\t\t\t\t\t<\/div>\n\t\t\t\t<\/div>\n\t\t\t\t\t\t<\/div>\n\t\t\t\t\t<\/div>\n\t\t<\/div>\n\t\t\t\t\t\t\t\t<\/div>\n\t\t\t\t\t<\/div>\n\t\t<\/section>\n\t\t\t\t<section class=\"elementor-section elementor-top-section elementor-element elementor-element-709ee93 elementor-section-boxed elementor-section-height-default elementor-section-height-default\" data-id=\"709ee93\" data-element_type=\"section\">\n\t\t\t\t\t\t<div class=\"elementor-container elementor-column-gap-default\">\n\t\t\t\t\t\t\t<div class=\"elementor-row\">\n\t\t\t\t\t<div class=\"elementor-column elementor-col-100 elementor-top-column elementor-element elementor-element-5df1a2e\" data-id=\"5df1a2e\" data-element_type=\"column\">\n\t\t\t<div class=\"elementor-column-wrap elementor-element-populated\">\n\t\t\t\t\t\t\t<div class=\"elementor-widget-wrap\">\n\t\t\t\t\t\t<div class=\"elementor-element elementor-element-64f7089 elementor-widget elementor-widget-text-editor\" data-id=\"64f7089\" data-element_type=\"widget\" data-widget_type=\"text-editor.default\">\n\t\t\t\t<div class=\"elementor-widget-container\">\n\t\t\t\t\t\t\t\t<div class=\"elementor-text-editor elementor-clearfix\">\n\t\t\t\t<ul><li style=\"font-weight: 400;\" aria-level=\"1\"><b>Eje 1 : Medidas de Apoyo espec\u00edfico para la industria agroalimentaria* <\/b><span style=\"font-weight: 400;\">. Orden ITC\/738\/2022 de 28 de Julio; publicado en el BOE el 1 de agosto de 2022.\u00a0\u00a0<\/span><ul><li style=\"font-weight: 400;\" aria-level=\"2\"><span style=\"font-weight: 400;\">Presupuesto : 400M\u20ac\u00a0\u00a0<\/span><ul><li style=\"font-weight: 400;\" aria-level=\"3\"><span style=\"font-weight: 400;\">250M\u20ac en pr\u00e9stamos a cargo de los PGE ( Presupuesto General del Estado )\u00a0\u00a0<\/span><\/li><li style=\"font-weight: 400;\" aria-level=\"3\"><span style=\"font-weight: 400;\">150M\u20ac en subvenciones a cargo del MRR ( Mecanismo para la Recuperaci\u00f3n y Resiliencia )\u00a0<\/span><\/li><\/ul><\/li><\/ul><\/li><\/ul><ul><li style=\"font-weight: 400;\" aria-level=\"1\"><span style=\"font-weight: 400;\">Eje 2 : Medidas concretas para apoyar el proceso de adaptaci\u00f3n digital\u00a0<\/span><\/li><li style=\"font-weight: 400;\" aria-level=\"1\"><span style=\"font-weight: 400;\">Eje 3 : Medidas espec\u00edficas de apoyo a la innovaci\u00f3n y a la investigaci\u00f3n en el sector. <\/span><\/li><\/ul>\t\t\t\t\t<\/div>\n\t\t\t\t\t\t<\/div>\n\t\t\t\t<\/div>\n\t\t\t\t\t\t<\/div>\n\t\t\t\t\t<\/div>\n\t\t<\/div>\n\t\t\t\t\t\t\t\t<\/div>\n\t\t\t\t\t<\/div>\n\t\t<\/section>\n\t\t\t\t<section class=\"elementor-section elementor-top-section elementor-element elementor-element-7d758d0 elementor-section-boxed elementor-section-height-default elementor-section-height-default\" data-id=\"7d758d0\" data-element_type=\"section\">\n\t\t\t\t\t\t\t<div class=\"elementor-background-overlay\"><\/div>\n\t\t\t\t\t\t\t<div class=\"elementor-container elementor-column-gap-default\">\n\t\t\t\t\t\t\t<div class=\"elementor-row\">\n\t\t\t\t\t<div class=\"elementor-column elementor-col-100 elementor-top-column elementor-element elementor-element-5c1543e\" data-id=\"5c1543e\" data-element_type=\"column\">\n\t\t\t<div class=\"elementor-column-wrap elementor-element-populated\">\n\t\t\t\t\t\t\t<div class=\"elementor-widget-wrap\">\n\t\t\t\t\t\t<div class=\"elementor-element elementor-element-4db594d elementor-widget elementor-widget-text-editor\" data-id=\"4db594d\" data-element_type=\"widget\" data-widget_type=\"text-editor.default\">\n\t\t\t\t<div class=\"elementor-widget-container\">\n\t\t\t\t\t\t\t\t<div class=\"elementor-text-editor elementor-clearfix\">\n\t\t\t\t<p><b>Filosof\u00eda y objetivos del PERTE Agroalimentario EJE 1: <\/b><\/p>\t\t\t\t\t<\/div>\n\t\t\t\t\t\t<\/div>\n\t\t\t\t<\/div>\n\t\t\t\t\t\t<\/div>\n\t\t\t\t\t<\/div>\n\t\t<\/div>\n\t\t\t\t\t\t\t\t<\/div>\n\t\t\t\t\t<\/div>\n\t\t<\/section>\n\t\t\t\t<section class=\"elementor-section elementor-top-section elementor-element elementor-element-8e2d553 elementor-section-boxed elementor-section-height-default elementor-section-height-default\" data-id=\"8e2d553\" data-element_type=\"section\">\n\t\t\t\t\t\t<div class=\"elementor-container elementor-column-gap-default\">\n\t\t\t\t\t\t\t<div class=\"elementor-row\">\n\t\t\t\t\t<div class=\"elementor-column elementor-col-100 elementor-top-column elementor-element elementor-element-6940251\" data-id=\"6940251\" data-element_type=\"column\">\n\t\t\t<div class=\"elementor-column-wrap elementor-element-populated\">\n\t\t\t\t\t\t\t<div class=\"elementor-widget-wrap\">\n\t\t\t\t\t\t<div class=\"elementor-element elementor-element-4a451ec elementor-widget elementor-widget-text-editor\" data-id=\"4a451ec\" data-element_type=\"widget\" data-widget_type=\"text-editor.default\">\n\t\t\t\t<div class=\"elementor-widget-container\">\n\t\t\t\t\t\t\t\t<div class=\"elementor-text-editor elementor-clearfix\">\n\t\t\t\t<p><span style=\"font-weight: 400;\">Dadas las caracter\u00edsticas del sector, en concreto el gran n\u00famero de empresas existentes y el peque\u00f1o tama\u00f1o medio de las mismas, se considera que la mejor forma de estructurar el PERTE consiste en definir actuaciones transversales que puedan impulsar el desarrollo en todas las fases de la cadena de valor industrial del sector.<\/span><\/p><p><span style=\"font-weight: 400;\">Se plantea una estructura orientada a la mejora de los procesos de las empresas sin vincularlo a un producto determinado, de forma que los avances originados por el PERTE puedan ser de aplicaci\u00f3n en la gran variedad de productos de la industria agroalimentaria.<\/span><\/p><p><span style=\"font-weight: 400;\">De acuerdo con este planteamiento general, y en l\u00ednea con los objetivos del PERTE Agroalimentario, se han identificado tres \u00e1reas o bloques que reflejan los aspectos m\u00e1s importantes de cara al futuro desarrollo de la industria agroalimentaria en todos sus procesos: la competitividad, la sostenibilidad y la trazabilidad y seguridad alimentaria.<\/span><\/p><p><span style=\"font-weight: 400;\">Las actuaciones que se propongan en los proyectos deber\u00e1n estar enfocadas a la mejora de los procesos en esas \u00e1reas o bloques, de forma que se d\u00e9 un impulso a la cadena de valor en todos sus componentes de forma generalizada.<\/span><\/p><p><span style=\"font-weight: 400;\">Objetivos<\/span><\/p><ul><li style=\"font-weight: 400;\" aria-level=\"1\"><span style=\"font-weight: 400;\">Mejora la competitividad del sector\u00a0<\/span><\/li><li style=\"font-weight: 400;\" aria-level=\"1\"><span style=\"font-weight: 400;\">Mejora de la sostenibilidad del sector\u00a0<\/span><\/li><li style=\"font-weight: 400;\" aria-level=\"1\"><span style=\"font-weight: 400;\">Mejora de la trazabilidad y seguridad alimentaria en el sector <\/span><\/li><\/ul>\t\t\t\t\t<\/div>\n\t\t\t\t\t\t<\/div>\n\t\t\t\t<\/div>\n\t\t\t\t\t\t<\/div>\n\t\t\t\t\t<\/div>\n\t\t<\/div>\n\t\t\t\t\t\t\t\t<\/div>\n\t\t\t\t\t<\/div>\n\t\t<\/section>\n\t\t\t\t<section class=\"elementor-section elementor-top-section elementor-element elementor-element-067ba45 elementor-section-boxed elementor-section-height-default elementor-section-height-default\" data-id=\"067ba45\" data-element_type=\"section\">\n\t\t\t\t\t\t\t<div class=\"elementor-background-overlay\"><\/div>\n\t\t\t\t\t\t\t<div class=\"elementor-container elementor-column-gap-default\">\n\t\t\t\t\t\t\t<div class=\"elementor-row\">\n\t\t\t\t\t<div class=\"elementor-column elementor-col-100 elementor-top-column elementor-element elementor-element-0c2e660\" data-id=\"0c2e660\" data-element_type=\"column\">\n\t\t\t<div class=\"elementor-column-wrap elementor-element-populated\">\n\t\t\t\t\t\t\t<div class=\"elementor-widget-wrap\">\n\t\t\t\t\t\t<div class=\"elementor-element elementor-element-011e161 elementor-widget elementor-widget-text-editor\" data-id=\"011e161\" data-element_type=\"widget\" data-widget_type=\"text-editor.default\">\n\t\t\t\t<div class=\"elementor-widget-container\">\n\t\t\t\t\t\t\t\t<div class=\"elementor-text-editor elementor-clearfix\">\n\t\t\t\t<p><b>Funcionamiento y notas generales:<\/b><\/p>\t\t\t\t\t<\/div>\n\t\t\t\t\t\t<\/div>\n\t\t\t\t<\/div>\n\t\t\t\t\t\t<\/div>\n\t\t\t\t\t<\/div>\n\t\t<\/div>\n\t\t\t\t\t\t\t\t<\/div>\n\t\t\t\t\t<\/div>\n\t\t<\/section>\n\t\t\t\t<section class=\"elementor-section elementor-top-section elementor-element elementor-element-00150b9 elementor-section-boxed elementor-section-height-default elementor-section-height-default\" data-id=\"00150b9\" data-element_type=\"section\">\n\t\t\t\t\t\t<div class=\"elementor-container elementor-column-gap-default\">\n\t\t\t\t\t\t\t<div class=\"elementor-row\">\n\t\t\t\t\t<div class=\"elementor-column elementor-col-100 elementor-top-column elementor-element elementor-element-b51a10a\" data-id=\"b51a10a\" data-element_type=\"column\">\n\t\t\t<div class=\"elementor-column-wrap elementor-element-populated\">\n\t\t\t\t\t\t\t<div class=\"elementor-widget-wrap\">\n\t\t\t\t\t\t<div class=\"elementor-element elementor-element-e03435e elementor-widget elementor-widget-text-editor\" data-id=\"e03435e\" data-element_type=\"widget\" data-widget_type=\"text-editor.default\">\n\t\t\t\t<div class=\"elementor-widget-container\">\n\t\t\t\t\t\t\t\t<div class=\"elementor-text-editor elementor-clearfix\">\n\t\t\t\t<p><span style=\"font-weight: 400;\">Beneficiarios:\u00a0<\/span><\/p><ul><li style=\"font-weight: 400;\" aria-level=\"1\"><span style=\"font-weight: 400;\">Agrupaciones sin personalidad jur\u00eddica propia que hayan establecido un acuerdo interno de funcionamiento y representaci\u00f3n de acuerdo a las condiciones establecidas en normativa de aplicaci\u00f3n\u00a0<\/span><\/li><li style=\"font-weight: 400;\" aria-level=\"1\"><span style=\"font-weight: 400;\">Solo pueden ser miembros de estas agrupaciones sociedades mercantiles privadas, sociedades cooperativas y\u00a0 sociedades agrarias de transformaci\u00f3n SAT con personalidad jur\u00eddica propia.\u00a0<\/span><\/li><li style=\"font-weight: 400;\" aria-level=\"1\"><span style=\"font-weight: 400;\">Las agrupaciones han de estar organizadas en torno al sector de la industria agroalimentaria con una combinaci\u00f3n, como m\u00ednimo, de seis entidades jur\u00eddicas diferenciadas que no sean parte del mismo grupo empresarial, ni estar controladas por otras empresas de la agrupaci\u00f3n.\u00a0<\/span><\/li><li style=\"font-weight: 400;\" aria-level=\"1\"><span style=\"font-weight: 400;\">Las entidades que formen parte de la agrupaci\u00f3n deber\u00e1n desarrollar alguna o varias de las actividades siguientes:\u00a0<\/span><ul><li style=\"font-weight: 400;\" aria-level=\"2\"><span style=\"font-weight: 400;\">actividades de elaboraci\u00f3n, producci\u00f3n o transformaci\u00f3n de alimentos. as\u00ed como la fabricaci\u00f3n de bebidas y algunos ep\u00edgrafes de la industria del tabaco.\u00a0<\/span><\/li><li style=\"font-weight: 400;\" aria-level=\"2\"><span style=\"font-weight: 400;\">actividades desarrolladas en el \u00e1mbito de la industria agroalimentaria consistentes, entre otras, en el calibrado, clasificaci\u00f3n, manipulaci\u00f3n, transformaci\u00f3n, conservaci\u00f3n y envasado de productos alimentarios.\u00a0<\/span><\/li><li style=\"font-weight: 400;\" aria-level=\"2\"><span style=\"font-weight: 400;\">Otras actividades no encuadradas en los dos primeros apartados pero que sean ineludibles en los procesos industriales en el \u00e1mbito agroalimentario, o para realizar las actividades necesarias del proyecto tractor, o formen parte de la cadena de valor de la industria agroalimentaria.<\/span><\/li><\/ul><\/li><\/ul><p><span style=\"font-weight: 400;\">No podr\u00e1n ser elegibles las actividades desarrolladas por operadores log\u00edsticos, las realizadas por el sector de la distribuci\u00f3n, as\u00ed como las correspondientes al sector primario o del canal HORECA.\u00a0<\/span><\/p><p><span style=\"font-weight: 400;\">Al menos el 75% del presupuesto del proyecto deber\u00e1 imputarse a las actividades recogidas en algunas de las empresas pertenecientes a los dos primeros apartados.<\/span><\/p><ul><li style=\"font-weight: 400;\" aria-level=\"1\"><span style=\"font-weight: 400;\">De entre las seis entidades que como m\u00ednimo deben conformar la agrupaci\u00f3n al menos una ser\u00e1 una gran empresa\u00a0 y adem\u00e1s deber\u00e1 estar integrada por un m\u00ednimo de cuatro\u00a0 peque\u00f1as y medianas empresas ( PYME ) . Tambi\u00e9n ser\u00e1n v\u00e1lidas las agrupaciones constituidas \u00fanicamente por pymes siempre que dos de ellas sean medianas empresas.\u00a0<\/span><\/li><li style=\"font-weight: 400;\" aria-level=\"1\"><span style=\"font-weight: 400;\">Deber\u00e1n tener implantaci\u00f3n en al menos dos comunidades aut\u00f3nomas.\u00a0<\/span><\/li><\/ul><p><span style=\"font-weight: 400;\">Todos los miembros de la agrupaci\u00f3n tendr\u00e1n la condici\u00f3n de beneficiarios de la ayuda y ser\u00e1n solidariamente responsables, en proporci\u00f3n a sus respectivas participaciones, en relaci\u00f3n al conjunto de actividades financiadas y subvencionadas.\u00a0<\/span><\/p><p><span style=\"font-weight: 400;\">En el \u201cAcuerdo de Agrupaci\u00f3n\u201d,\u00a0 todas las entidades integrantes de la misma tendr\u00e1n el rol de promotor industrial. Adicionalmente, uno de los promotores industriales ostentar\u00e1 la figura de interlocutor con la administraci\u00f3n.<\/span><\/p><p><span style=\"text-decoration: underline;\"><b>Subcontrataciones:<\/b><\/span><span style=\"font-weight: 400;\"> Se podr\u00e1n subcontratar con terceros hasta el 50% de cada uno de los proyectos primarios. Las actuaciones subcontratadas computar\u00e1n a efectos del requisito de implantaci\u00f3n territorial.\u00a0<\/span><\/p>\t\t\t\t\t<\/div>\n\t\t\t\t\t\t<\/div>\n\t\t\t\t<\/div>\n\t\t\t\t\t\t<\/div>\n\t\t\t\t\t<\/div>\n\t\t<\/div>\n\t\t\t\t\t\t\t\t<\/div>\n\t\t\t\t\t<\/div>\n\t\t<\/section>\n\t\t\t\t<section class=\"elementor-section elementor-top-section elementor-element elementor-element-3dcabf3 elementor-section-boxed elementor-section-height-default elementor-section-height-default\" data-id=\"3dcabf3\" data-element_type=\"section\">\n\t\t\t\t\t\t\t<div class=\"elementor-background-overlay\"><\/div>\n\t\t\t\t\t\t\t<div class=\"elementor-container elementor-column-gap-default\">\n\t\t\t\t\t\t\t<div class=\"elementor-row\">\n\t\t\t\t\t<div class=\"elementor-column elementor-col-100 elementor-top-column elementor-element elementor-element-0e82c41\" data-id=\"0e82c41\" data-element_type=\"column\">\n\t\t\t<div class=\"elementor-column-wrap elementor-element-populated\">\n\t\t\t\t\t\t\t<div class=\"elementor-widget-wrap\">\n\t\t\t\t\t\t<div class=\"elementor-element elementor-element-1747a60 elementor-widget elementor-widget-text-editor\" data-id=\"1747a60\" data-element_type=\"widget\" data-widget_type=\"text-editor.default\">\n\t\t\t\t<div class=\"elementor-widget-container\">\n\t\t\t\t\t\t\t\t<div class=\"elementor-text-editor elementor-clearfix\">\n\t\t\t\t<p><b>Tipolog\u00eda de los proyectos:<\/b><\/p>\t\t\t\t\t<\/div>\n\t\t\t\t\t\t<\/div>\n\t\t\t\t<\/div>\n\t\t\t\t\t\t<\/div>\n\t\t\t\t\t<\/div>\n\t\t<\/div>\n\t\t\t\t\t\t\t\t<\/div>\n\t\t\t\t\t<\/div>\n\t\t<\/section>\n\t\t\t\t<section class=\"elementor-section elementor-top-section elementor-element elementor-element-5e96ddb elementor-section-boxed elementor-section-height-default elementor-section-height-default\" data-id=\"5e96ddb\" data-element_type=\"section\">\n\t\t\t\t\t\t<div class=\"elementor-container elementor-column-gap-default\">\n\t\t\t\t\t\t\t<div class=\"elementor-row\">\n\t\t\t\t\t<div class=\"elementor-column elementor-col-100 elementor-top-column elementor-element elementor-element-c6a5d90\" data-id=\"c6a5d90\" data-element_type=\"column\">\n\t\t\t<div class=\"elementor-column-wrap elementor-element-populated\">\n\t\t\t\t\t\t\t<div class=\"elementor-widget-wrap\">\n\t\t\t\t\t\t<div class=\"elementor-element elementor-element-298ee56 elementor-widget elementor-widget-text-editor\" data-id=\"298ee56\" data-element_type=\"widget\" data-widget_type=\"text-editor.default\">\n\t\t\t\t<div class=\"elementor-widget-container\">\n\t\t\t\t\t\t\t\t<div class=\"elementor-text-editor elementor-clearfix\">\n\t\t\t\t<p><span style=\"font-weight: 400;\">Cada agrupaci\u00f3n de empresas podr\u00e1 presentar un \u00fanico proyecto tractor que de forma obligatoria se compondr\u00e1 de distintos proyectos primarios estructurados en torno a los tres bloques definidos en los objetivos: competitividad, sostenibilidad y trazabilidad y seguridad alimentaria.\u00a0<\/span><\/p><p><span style=\"font-weight: 400;\">Para cada uno de los proyectos primarios se esperan actuaciones que requieran la cooperaci\u00f3n de al menos dos componentes de la agrupaci\u00f3n, aceptando otros que se puedan realizar de manera individual.\u00a0<\/span><\/p><p><span style=\"font-weight: 400;\">El proyecto tractor deber\u00e1 incluir proyectos primarios que cubran el desarrollo y ejecuci\u00f3n de actuaciones de un m\u00ednimo de dos de los tres bloques definidos en los objetivos, <\/span><b>debiendo ser uno de ellos el de trazabilidad y seguridad alimentaria.\u00a0<\/b><\/p><p><span style=\"font-weight: 400;\">Dentro de cada bloque los proyectos primarios deben encuadrarse dentro de unas actuaciones\u00a0 ya definidas , teniendo algunos el car\u00e1cter de obligatorio en su inclusi\u00f3n, y en su ejecuci\u00f3n de manera individual o conjunta entre varios integrantes de la agrupaci\u00f3n.\u00a0<\/span><\/p>\t\t\t\t\t<\/div>\n\t\t\t\t\t\t<\/div>\n\t\t\t\t<\/div>\n\t\t\t\t\t\t<\/div>\n\t\t\t\t\t<\/div>\n\t\t<\/div>\n\t\t\t\t\t\t\t\t<\/div>\n\t\t\t\t\t<\/div>\n\t\t<\/section>\n\t\t\t\t<section class=\"elementor-section elementor-top-section elementor-element elementor-element-828fc30 elementor-section-boxed elementor-section-height-default elementor-section-height-default\" data-id=\"828fc30\" data-element_type=\"section\">\n\t\t\t\t\t\t<div class=\"elementor-container elementor-column-gap-default\">\n\t\t\t\t\t\t\t<div class=\"elementor-row\">\n\t\t\t\t\t<div class=\"elementor-column elementor-col-100 elementor-top-column elementor-element elementor-element-130609e\" data-id=\"130609e\" data-element_type=\"column\">\n\t\t\t<div class=\"elementor-column-wrap elementor-element-populated\">\n\t\t\t\t\t\t\t<div class=\"elementor-widget-wrap\">\n\t\t\t\t\t\t<div class=\"elementor-element elementor-element-a2c76d3 elementor-widget elementor-widget-image\" data-id=\"a2c76d3\" data-element_type=\"widget\" data-widget_type=\"image.default\">\n\t\t\t\t<div class=\"elementor-widget-container\">\n\t\t\t\t\t\t\t\t<div class=\"elementor-image\">\n\t\t\t\t\t\t\t\t\t\t\t\t<img decoding=\"async\" width=\"724\" height=\"1024\" src=\"https:\/\/www.bretema.es\/wp-content\/uploads\/2022\/08\/jpeg_Tabla_PERTE_Agroalimentario_RE_11022022-724x1024.jpg\" class=\"attachment-large size-large wp-image-8401\" alt=\"\" loading=\"lazy\" srcset=\"https:\/\/www.bretema.es\/wp-content\/uploads\/2022\/08\/jpeg_Tabla_PERTE_Agroalimentario_RE_11022022-724x1024.jpg 724w, https:\/\/www.bretema.es\/wp-content\/uploads\/2022\/08\/jpeg_Tabla_PERTE_Agroalimentario_RE_11022022-212x300.jpg 212w, https:\/\/www.bretema.es\/wp-content\/uploads\/2022\/08\/jpeg_Tabla_PERTE_Agroalimentario_RE_11022022-768x1086.jpg 768w, https:\/\/www.bretema.es\/wp-content\/uploads\/2022\/08\/jpeg_Tabla_PERTE_Agroalimentario_RE_11022022-1086x1536.jpg 1086w, https:\/\/www.bretema.es\/wp-content\/uploads\/2022\/08\/jpeg_Tabla_PERTE_Agroalimentario_RE_11022022-1448x2048.jpg 1448w, https:\/\/www.bretema.es\/wp-content\/uploads\/2022\/08\/jpeg_Tabla_PERTE_Agroalimentario_RE_11022022-scaled.jpg 1810w\" sizes=\"(max-width: 724px) 100vw, 724px\" \/>\t\t\t\t\t\t\t\t\t\t\t\t\t\t<\/div>\n\t\t\t\t\t\t<\/div>\n\t\t\t\t<\/div>\n\t\t\t\t\t\t<\/div>\n\t\t\t\t\t<\/div>\n\t\t<\/div>\n\t\t\t\t\t\t\t\t<\/div>\n\t\t\t\t\t<\/div>\n\t\t<\/section>\n\t\t\t\t<section class=\"elementor-section elementor-top-section elementor-element elementor-element-a8b758c elementor-section-boxed elementor-section-height-default elementor-section-height-default\" data-id=\"a8b758c\" data-element_type=\"section\">\n\t\t\t\t\t\t\t<div class=\"elementor-background-overlay\"><\/div>\n\t\t\t\t\t\t\t<div class=\"elementor-container elementor-column-gap-default\">\n\t\t\t\t\t\t\t<div class=\"elementor-row\">\n\t\t\t\t\t<div class=\"elementor-column elementor-col-100 elementor-top-column elementor-element elementor-element-b88dadf\" data-id=\"b88dadf\" data-element_type=\"column\">\n\t\t\t<div class=\"elementor-column-wrap elementor-element-populated\">\n\t\t\t\t\t\t\t<div class=\"elementor-widget-wrap\">\n\t\t\t\t\t\t<div class=\"elementor-element elementor-element-6b7b94f elementor-widget elementor-widget-text-editor\" data-id=\"6b7b94f\" data-element_type=\"widget\" data-widget_type=\"text-editor.default\">\n\t\t\t\t<div class=\"elementor-widget-container\">\n\t\t\t\t\t\t\t\t<div class=\"elementor-text-editor elementor-clearfix\">\n\t\t\t\t<p><span style=\"text-decoration: underline;\"><strong>Plan Integral de Trazabilidad y Seguridad Alimentaria PITSA<\/strong><\/span><\/p>\t\t\t\t\t<\/div>\n\t\t\t\t\t\t<\/div>\n\t\t\t\t<\/div>\n\t\t\t\t\t\t<\/div>\n\t\t\t\t\t<\/div>\n\t\t<\/div>\n\t\t\t\t\t\t\t\t<\/div>\n\t\t\t\t\t<\/div>\n\t\t<\/section>\n\t\t\t\t<section class=\"elementor-section elementor-top-section elementor-element elementor-element-6d19789 elementor-section-boxed elementor-section-height-default elementor-section-height-default\" data-id=\"6d19789\" data-element_type=\"section\">\n\t\t\t\t\t\t<div class=\"elementor-container elementor-column-gap-default\">\n\t\t\t\t\t\t\t<div class=\"elementor-row\">\n\t\t\t\t\t<div class=\"elementor-column elementor-col-100 elementor-top-column elementor-element elementor-element-9073c15\" data-id=\"9073c15\" data-element_type=\"column\">\n\t\t\t<div class=\"elementor-column-wrap elementor-element-populated\">\n\t\t\t\t\t\t\t<div class=\"elementor-widget-wrap\">\n\t\t\t\t\t\t<div class=\"elementor-element elementor-element-3f5f5f8 elementor-widget elementor-widget-text-editor\" data-id=\"3f5f5f8\" data-element_type=\"widget\" data-widget_type=\"text-editor.default\">\n\t\t\t\t<div class=\"elementor-widget-container\">\n\t\t\t\t\t\t\t\t<div class=\"elementor-text-editor elementor-clearfix\">\n\t\t\t\t<p><span style=\"font-weight: 400;\">En el bloque obligatorio de Trazabilidad y Seguridad Alimentaria\u00a0 se prev\u00e9 una \u00fanica actuaci\u00f3n que habr\u00e1 de ser llevada en cooperaci\u00f3n con la participaci\u00f3n de todas las entidades que integren la agrupaci\u00f3n, siempre que pertenezcan a la cadena de valor sobre el que se desarrolla el proyecto tractor.\u00a0<\/span><\/p><p><span style=\"font-weight: 400;\">La actuaci\u00f3n comprende la elaboraci\u00f3n y ejecuci\u00f3n de un Plan Integral de Trazabilidad y Seguridad Alimentaria ( PITSA ) que permita proporcionar al consumidor informaci\u00f3n transparente sobre todo el ciclo de vida de \u00e9ste, empezando por la materia prima, pasando por todos los procesos de transformaci\u00f3n a los que se someta a la misma, hasta llegar al punto de venta.\u00a0<\/span><\/p><p><span style=\"font-weight: 400;\">En proyectos que engloben a entidades pertenecientes a diferentes cadenas de valor del producto se hace necesario la realizaci\u00f3n de diferentes planes de la forma m\u00e1s coherente que permita alcanzar el mayor grado posible de trazabilidad.\u00a0<\/span><\/p><p><span style=\"font-weight: 400;\">El PITSA recoger\u00e1 las actuaciones que se desarrollar\u00e1n a nivel individual y coordinado de cara a la mejora de la trazabilidad de los productos, destacando el dise\u00f1o e implementaci\u00f3n de los sistemas de control de calidad y\u00a0 seguridad alimentaria que sean necesarios para alcanzar los requisitos establecidos en el Plan presentado.\u00a0<\/span><\/p>\t\t\t\t\t<\/div>\n\t\t\t\t\t\t<\/div>\n\t\t\t\t<\/div>\n\t\t\t\t\t\t<\/div>\n\t\t\t\t\t<\/div>\n\t\t<\/div>\n\t\t\t\t\t\t\t\t<\/div>\n\t\t\t\t\t<\/div>\n\t\t<\/section>\n\t\t\t\t<section class=\"elementor-section elementor-top-section elementor-element elementor-element-0e6d03d elementor-section-boxed elementor-section-height-default elementor-section-height-default\" data-id=\"0e6d03d\" data-element_type=\"section\">\n\t\t\t\t\t\t\t<div class=\"elementor-background-overlay\"><\/div>\n\t\t\t\t\t\t\t<div class=\"elementor-container elementor-column-gap-default\">\n\t\t\t\t\t\t\t<div class=\"elementor-row\">\n\t\t\t\t\t<div class=\"elementor-column elementor-col-100 elementor-top-column elementor-element elementor-element-48c9a46\" data-id=\"48c9a46\" data-element_type=\"column\">\n\t\t\t<div class=\"elementor-column-wrap elementor-element-populated\">\n\t\t\t\t\t\t\t<div class=\"elementor-widget-wrap\">\n\t\t\t\t\t\t<div class=\"elementor-element elementor-element-326758e elementor-widget elementor-widget-text-editor\" data-id=\"326758e\" data-element_type=\"widget\" data-widget_type=\"text-editor.default\">\n\t\t\t\t<div class=\"elementor-widget-container\">\n\t\t\t\t\t\t\t\t<div class=\"elementor-text-editor elementor-clearfix\">\n\t\t\t\t<p><b>Presupuesto, financiaci\u00f3n y requisitos para obtener una subvenci\u00f3n:\u00a0<\/b><\/p>\t\t\t\t\t<\/div>\n\t\t\t\t\t\t<\/div>\n\t\t\t\t<\/div>\n\t\t\t\t\t\t<\/div>\n\t\t\t\t\t<\/div>\n\t\t<\/div>\n\t\t\t\t\t\t\t\t<\/div>\n\t\t\t\t\t<\/div>\n\t\t<\/section>\n\t\t\t\t<section class=\"elementor-section elementor-top-section elementor-element elementor-element-d3c3ead elementor-section-boxed elementor-section-height-default elementor-section-height-default\" data-id=\"d3c3ead\" data-element_type=\"section\">\n\t\t\t\t\t\t<div class=\"elementor-container elementor-column-gap-default\">\n\t\t\t\t\t\t\t<div class=\"elementor-row\">\n\t\t\t\t\t<div class=\"elementor-column elementor-col-100 elementor-top-column elementor-element elementor-element-65bdea3\" data-id=\"65bdea3\" data-element_type=\"column\">\n\t\t\t<div class=\"elementor-column-wrap elementor-element-populated\">\n\t\t\t\t\t\t\t<div class=\"elementor-widget-wrap\">\n\t\t\t\t\t\t<div class=\"elementor-element elementor-element-f0a3668 elementor-widget elementor-widget-text-editor\" data-id=\"f0a3668\" data-element_type=\"widget\" data-widget_type=\"text-editor.default\">\n\t\t\t\t<div class=\"elementor-widget-container\">\n\t\t\t\t\t\t\t\t<div class=\"elementor-text-editor elementor-clearfix\">\n\t\t\t\t<p><span style=\"font-weight: 400;\">El presupuesto financiable m\u00ednimo es de 15 millones de euros por proyecto tractor. En las convocatorias que se deriven posteriormente se especificar\u00e1 el m\u00ednimo para cada uno de los proyectos primarios que est\u00e9n integrados en el proyecto tractor.\u00a0<\/span><\/p><p><span style=\"font-weight: 400;\">Las ayudas se formalizar\u00e1n como subvenciones, pr\u00e9stamos o una combinaci\u00f3n de ambos, de acuerdo a lo que establezca cada convocatoria.\u00a0<\/span><\/p><p><span style=\"font-weight: 400;\">A los efectos del reparto de la ayuda en forma de subvenci\u00f3n ser\u00e1 necesario que se alcance en la convocatoria un compromiso medio global de contribuci\u00f3n del 40% a los objetivos relacionados con el cambio clim\u00e1tico.\u00a0<\/span><\/p><p>\u00a0<\/p>\t\t\t\t\t<\/div>\n\t\t\t\t\t\t<\/div>\n\t\t\t\t<\/div>\n\t\t\t\t\t\t<\/div>\n\t\t\t\t\t<\/div>\n\t\t<\/div>\n\t\t\t\t\t\t\t\t<\/div>\n\t\t\t\t\t<\/div>\n\t\t<\/section>\n\t\t\t\t<section class=\"elementor-section elementor-top-section elementor-element elementor-element-93ff10f elementor-section-boxed elementor-section-height-default elementor-section-height-default\" data-id=\"93ff10f\" data-element_type=\"section\">\n\t\t\t\t\t\t<div class=\"elementor-container elementor-column-gap-default\">\n\t\t\t\t\t\t\t<div class=\"elementor-row\">\n\t\t\t\t\t<div class=\"elementor-column elementor-col-100 elementor-top-column elementor-element elementor-element-a68397d\" data-id=\"a68397d\" data-element_type=\"column\">\n\t\t\t<div class=\"elementor-column-wrap elementor-element-populated\">\n\t\t\t\t\t\t\t<div class=\"elementor-widget-wrap\">\n\t\t\t\t\t\t<div class=\"elementor-element elementor-element-048ff0e elementor-widget elementor-widget-text-editor\" data-id=\"048ff0e\" data-element_type=\"widget\" data-widget_type=\"text-editor.default\">\n\t\t\t\t<div class=\"elementor-widget-container\">\n\t\t\t\t\t\t\t\t<div class=\"elementor-text-editor elementor-clearfix\">\n\t\t\t\t<p><b>Adicionalmente a la gesti\u00f3n, redacci\u00f3n e implementaci\u00f3n del Plan Integral de Trazabilidad y Seguridad Alimentaria ( PITSA ) , el equipo t\u00e9cnico de\u00a0 Br\u00e9tema Seguridad Alimentaria tiene la capacitaci\u00f3n y experiencia para desarrollar proyectos primarios en el bloque de sostenibilidad, en especial los relacionados con las actuaciones conjuntas\u00a0<\/b><b>obligatorias<\/b><b>\u00a0de gesti\u00f3n ambiental y adopci\u00f3n de compromisos globales de reducci\u00f3n de huella ambiental de un producto, facilitando la obtenci\u00f3n de ayudas en la formulaci\u00f3n de subvenci\u00f3n con cargo a los MRR.\u00a0<\/b><\/p>\t\t\t\t\t<\/div>\n\t\t\t\t\t\t<\/div>\n\t\t\t\t<\/div>\n\t\t\t\t\t\t<\/div>\n\t\t\t\t\t<\/div>\n\t\t<\/div>\n\t\t\t\t\t\t\t\t<\/div>\n\t\t\t\t\t<\/div>\n\t\t<\/section>\n\t\t\t\t<section class=\"elementor-section elementor-top-section elementor-element elementor-element-cb93de7 elementor-section-content-top elementor-section-boxed elementor-section-height-default elementor-section-height-default\" data-id=\"cb93de7\" data-element_type=\"section\">\n\t\t\t\t\t\t<div class=\"elementor-container elementor-column-gap-default\">\n\t\t\t\t\t\t\t<div class=\"elementor-row\">\n\t\t\t\t\t<div class=\"elementor-column elementor-col-33 elementor-top-column elementor-element elementor-element-74e7203\" data-id=\"74e7203\" data-element_type=\"column\">\n\t\t\t<div class=\"elementor-column-wrap elementor-element-populated\">\n\t\t\t\t\t\t\t<div class=\"elementor-widget-wrap\">\n\t\t\t\t\t\t<div class=\"elementor-element elementor-element-3951590 elementor-widget elementor-widget-heading\" data-id=\"3951590\" data-element_type=\"widget\" data-widget_type=\"heading.default\">\n\t\t\t\t<div class=\"elementor-widget-container\">\n\t\t\t<h2 class=\"elementor-heading-title elementor-size-default\">Descarga de informaci\u00f3n <\/h2>\t\t<\/div>\n\t\t\t\t<\/div>\n\t\t\t\t\t\t<\/div>\n\t\t\t\t\t<\/div>\n\t\t<\/div>\n\t\t\t\t<div class=\"elementor-column elementor-col-33 elementor-top-column elementor-element elementor-element-fd84f76\" data-id=\"fd84f76\" data-element_type=\"column\">\n\t\t\t<div class=\"elementor-column-wrap elementor-element-populated\">\n\t\t\t\t\t\t\t<div class=\"elementor-widget-wrap\">\n\t\t\t\t\t\t<div class=\"elementor-element elementor-element-aa070cd elementor-widget elementor-widget-text-editor\" data-id=\"aa070cd\" data-element_type=\"widget\" data-widget_type=\"text-editor.default\">\n\t\t\t\t<div class=\"elementor-widget-container\">\n\t\t\t\t\t\t\t\t<div class=\"elementor-text-editor elementor-clearfix\">\n\t\t\t\t<p>Anotaciones sobre el Perte Agroalimentario , Eje 1, seg\u00fan lo dispuesto en la Orden ICT7738\/2022 de 28 de Julio.\u00a0<\/p>\t\t\t\t\t<\/div>\n\t\t\t\t\t\t<\/div>\n\t\t\t\t<\/div>\n\t\t\t\t<div class=\"elementor-element elementor-element-54a8cc0 elementor-align-center elementor-widget elementor-widget-button\" data-id=\"54a8cc0\" data-element_type=\"widget\" data-widget_type=\"button.default\">\n\t\t\t\t<div class=\"elementor-widget-container\">\n\t\t\t\t\t<div class=\"elementor-button-wrapper\">\n\t\t\t<a href=\"https:\/\/drive.google.com\/file\/d\/1mgfDMl2k5FwXW1dXo78ZaLC8nO7eL94C\/view?usp=sharing\" target=\"_blank\" class=\"elementor-button-link elementor-button elementor-size-sm elementor-animation-grow\" role=\"button\">\n\t\t\t\t\t\t<span class=\"elementor-button-content-wrapper\">\n\t\t\t\t\t\t<span class=\"elementor-button-text\">descarga<\/span>\n\t\t<\/span>\n\t\t\t\t\t<\/a>\n\t\t<\/div>\n\t\t\t\t<\/div>\n\t\t\t\t<\/div>\n\t\t\t\t<div class=\"elementor-element elementor-element-88f89ce elementor-widget elementor-widget-text-editor\" data-id=\"88f89ce\" data-element_type=\"widget\" data-widget_type=\"text-editor.default\">\n\t\t\t\t<div class=\"elementor-widget-container\">\n\t\t\t\t\t\t\t\t<div class=\"elementor-text-editor elementor-clearfix\">\n\t\t\t\t<p>Preguntas y respuestas sobre el PERTE Agroalimentario publicado por el Gobierno de Espa\u00f1a.\u00a0<\/p>\t\t\t\t\t<\/div>\n\t\t\t\t\t\t<\/div>\n\t\t\t\t<\/div>\n\t\t\t\t<div class=\"elementor-element elementor-element-eb78ea6 elementor-align-center elementor-widget elementor-widget-button\" data-id=\"eb78ea6\" data-element_type=\"widget\" data-widget_type=\"button.default\">\n\t\t\t\t<div class=\"elementor-widget-container\">\n\t\t\t\t\t<div class=\"elementor-button-wrapper\">\n\t\t\t<a href=\"https:\/\/drive.google.com\/file\/d\/1YCHkBGRfRrN6caGHn3kwYmJsoEvECbKd\/view?usp=sharing\" target=\"_blank\" class=\"elementor-button-link elementor-button elementor-size-sm elementor-animation-grow\" role=\"button\">\n\t\t\t\t\t\t<span class=\"elementor-button-content-wrapper\">\n\t\t\t\t\t\t<span class=\"elementor-button-text\">descarga<\/span>\n\t\t<\/span>\n\t\t\t\t\t<\/a>\n\t\t<\/div>\n\t\t\t\t<\/div>\n\t\t\t\t<\/div>\n\t\t\t\t\t\t<\/div>\n\t\t\t\t\t<\/div>\n\t\t<\/div>\n\t\t\t\t<div class=\"elementor-column elementor-col-33 elementor-top-column elementor-element elementor-element-af80e83\" data-id=\"af80e83\" data-element_type=\"column\">\n\t\t\t<div class=\"elementor-column-wrap\">\n\t\t\t\t\t\t\t<div class=\"elementor-widget-wrap\">\n\t\t\t\t\t\t\t\t<\/div>\n\t\t\t\t\t<\/div>\n\t\t<\/div>\n\t\t\t\t\t\t\t\t<\/div>\n\t\t\t\t\t<\/div>\n\t\t<\/section>\n\t\t\t\t<section class=\"elementor-section elementor-top-section elementor-element elementor-element-22b13e7 elementor-section-boxed elementor-section-height-default elementor-section-height-default\" data-id=\"22b13e7\" data-element_type=\"section\">\n\t\t\t\t\t\t<div class=\"elementor-container elementor-column-gap-default\">\n\t\t\t\t\t\t\t<div class=\"elementor-row\">\n\t\t\t\t\t<div class=\"elementor-column elementor-col-100 elementor-top-column elementor-element elementor-element-982393d\" data-id=\"982393d\" data-element_type=\"column\">\n\t\t\t<div class=\"elementor-column-wrap elementor-element-populated\">\n\t\t\t\t\t\t\t<div class=\"elementor-widget-wrap\">\n\t\t\t\t\t\t<div class=\"elementor-element elementor-element-ae4a4f5 elementor-widget elementor-widget-spacer\" data-id=\"ae4a4f5\" data-element_type=\"widget\" data-widget_type=\"spacer.default\">\n\t\t\t\t<div class=\"elementor-widget-container\">\n\t\t\t\t\t<div class=\"elementor-spacer\">\n\t\t\t<div class=\"elementor-spacer-inner\"><\/div>\n\t\t<\/div>\n\t\t\t\t<\/div>\n\t\t\t\t<\/div>\n\t\t\t\t\t\t<\/div>\n\t\t\t\t\t<\/div>\n\t\t<\/div>\n\t\t\t\t\t\t\t\t<\/div>\n\t\t\t\t\t<\/div>\n\t\t<\/section>\n\t\t\t\t<section class=\"elementor-section elementor-top-section elementor-element elementor-element-8f0d8b2 elementor-section-boxed elementor-section-height-default elementor-section-height-default\" data-id=\"8f0d8b2\" data-element_type=\"section\">\n\t\t\t\t\t\t<div class=\"elementor-container elementor-column-gap-default\">\n\t\t\t\t\t\t\t<div class=\"elementor-row\">\n\t\t\t\t\t<div class=\"elementor-column elementor-col-100 elementor-top-column elementor-element elementor-element-cc346c2\" data-id=\"cc346c2\" data-element_type=\"column\">\n\t\t\t<div class=\"elementor-column-wrap elementor-element-populated\">\n\t\t\t\t\t\t\t<div class=\"elementor-widget-wrap\">\n\t\t\t\t\t\t<div class=\"elementor-element elementor-element-2b3ec02 elementor-view-default elementor-widget elementor-widget-icon\" data-id=\"2b3ec02\" data-element_type=\"widget\" data-widget_type=\"icon.default\">\n\t\t\t\t<div class=\"elementor-widget-container\">\n\t\t\t\t\t<div class=\"elementor-icon-wrapper\">\n\t\t\t<a class=\"elementor-icon\" href=\"https:\/\/www.bretema.es\/index.php\/noticias\">\n\t\t\t<i aria-hidden=\"true\" class=\"fas fa-step-backward\"><\/i>\t\t\t<\/a>\n\t\t<\/div>\n\t\t\t\t<\/div>\n\t\t\t\t<\/div>\n\t\t\t\t\t\t<\/div>\n\t\t\t\t\t<\/div>\n\t\t<\/div>\n\t\t\t\t\t\t\t\t<\/div>\n\t\t\t\t\t<\/div>\n\t\t<\/section>\n\t\t\t\t\t\t\t\t\t<\/div>\n\t\t\t<\/div>\n\t\t\t\t\t<\/div>\n\t\t","protected":false},"excerpt":{"rendered":"<p># Perte Agroalimentario EJE 1 NOTAS SOBRE EL PERTE\u00a0 AGROALIMENTARIO, EJE 1, en lo relativo a sus generalidades y\u00a0 proyectos de apoyo espec\u00edfico a la industria agroalimentaria mediante un Plan Integral de Trazabilidad y Seguridad Alimentaria \u201cPITSA\u201d y la facilitaci\u00f3n de subvenciones mediante la gesti\u00f3n ambiental. Definiciones: PERTE : Proyectos Estrat\u00e9gicos Para La Recuperaci\u00f3n y &hellip;<\/p>\n<p class=\"read-more\"> <a class=\"\" href=\"https:\/\/www.bretema.es\/index.php\/2022\/08\/24\/anotaciones-sobre-el-perte-agroalimentario\/\"> <span class=\"screen-reader-text\">Anotaciones sobre el PERTE Agroalimentario<\/span> Leer m\u00e1s \u00bb<\/a><\/p>\n","protected":false},"author":1,"featured_media":8383,"comment_status":"closed","ping_status":"closed","sticky":false,"template":"elementor_header_footer","format":"standard","meta":{"_mi_skip_tracking":false,"site-sidebar-layout":"default","site-content-layout":"default","ast-main-header-display":"","ast-hfb-above-header-display":"","ast-hfb-below-header-display":"","ast-hfb-mobile-header-display":"","site-post-title":"","ast-breadcrumbs-content":"","ast-featured-img":"","footer-sml-layout":"","theme-transparent-header-meta":"default","adv-header-id-meta":"","stick-header-meta":"default","header-above-stick-meta":"","header-main-stick-meta":"","header-below-stick-meta":""},"categories":[24,23],"tags":[],"_links":{"self":[{"href":"https:\/\/www.bretema.es\/index.php\/wp-json\/wp\/v2\/posts\/8381"}],"collection":[{"href":"https:\/\/www.bretema.es\/index.php\/wp-json\/wp\/v2\/posts"}],"about":[{"href":"https:\/\/www.bretema.es\/index.php\/wp-json\/wp\/v2\/types\/post"}],"author":[{"embeddable":true,"href":"https:\/\/www.bretema.es\/index.php\/wp-json\/wp\/v2\/users\/1"}],"replies":[{"embeddable":true,"href":"https:\/\/www.bretema.es\/index.php\/wp-json\/wp\/v2\/comments?post=8381"}],"version-history":[{"count":80,"href":"https:\/\/www.bretema.es\/index.php\/wp-json\/wp\/v2\/posts\/8381\/revisions"}],"predecessor-version":[{"id":8693,"href":"https:\/\/www.bretema.es\/index.php\/wp-json\/wp\/v2\/posts\/8381\/revisions\/8693"}],"wp:featuredmedia":[{"embeddable":true,"href":"https:\/\/www.bretema.es\/index.php\/wp-json\/wp\/v2\/media\/8383"}],"wp:attachment":[{"href":"https:\/\/www.bretema.es\/index.php\/wp-json\/wp\/v2\/media?parent=8381"}],"wp:term":[{"taxonomy":"category","embeddable":true,"href":"https:\/\/www.bretema.es\/index.php\/wp-json\/wp\/v2\/categories?post=8381"},{"taxonomy":"post_tag","embeddable":true,"href":"https:\/\/www.bretema.es\/index.php\/wp-json\/wp\/v2\/tags?post=8381"}],"curies":[{"name":"wp","href":"https:\/\/api.w.org\/{rel}","templated":true}]}}