{"id":7675,"date":"2022-04-21T19:39:51","date_gmt":"2022-04-21T17:39:51","guid":{"rendered":"https:\/\/www.bretema.es\/?p=7675"},"modified":"2023-03-22T18:29:45","modified_gmt":"2023-03-22T16:29:45","slug":"articulo-de-opinion-publicado-en-landaluz","status":"publish","type":"post","link":"https:\/\/www.bretema.es\/index.php\/2022\/04\/21\/articulo-de-opinion-publicado-en-landaluz\/","title":{"rendered":"Articulo de opini\u00f3n publicado en Landaluz"},"content":{"rendered":"\t\t<div data-elementor-type=\"wp-post\" data-elementor-id=\"7675\" class=\"elementor elementor-7675\">\n\t\t\t\t\t\t<div class=\"elementor-inner\">\n\t\t\t\t<div class=\"elementor-section-wrap\">\n\t\t\t\t\t\t\t\t\t<section class=\"elementor-section elementor-top-section elementor-element elementor-element-1edbab5 elementor-section-boxed elementor-section-height-default elementor-section-height-default\" data-id=\"1edbab5\" data-element_type=\"section\">\n\t\t\t\t\t\t<div class=\"elementor-container elementor-column-gap-default\">\n\t\t\t\t\t\t\t<div class=\"elementor-row\">\n\t\t\t\t\t<div class=\"elementor-column elementor-col-100 elementor-top-column elementor-element elementor-element-d0b5772\" data-id=\"d0b5772\" data-element_type=\"column\">\n\t\t\t<div class=\"elementor-column-wrap elementor-element-populated\">\n\t\t\t\t\t\t\t<div class=\"elementor-widget-wrap\">\n\t\t\t\t\t\t<div class=\"elementor-element elementor-element-322a744 elementor-widget elementor-widget-heading\" data-id=\"322a744\" data-element_type=\"widget\" data-widget_type=\"heading.default\">\n\t\t\t\t<div class=\"elementor-widget-container\">\n\t\t\t<h2 class=\"elementor-heading-title elementor-size-default\">#  seguridad alimentaria en Landaluz<\/h2>\t\t<\/div>\n\t\t\t\t<\/div>\n\t\t\t\t\t\t<\/div>\n\t\t\t\t\t<\/div>\n\t\t<\/div>\n\t\t\t\t\t\t\t\t<\/div>\n\t\t\t\t\t<\/div>\n\t\t<\/section>\n\t\t\t\t<section class=\"elementor-section elementor-top-section elementor-element elementor-element-cd7qlby elementor-section-boxed elementor-section-height-default elementor-section-height-default\" data-id=\"cd7qlby\" data-element_type=\"section\" data-settings=\"{&quot;background_background&quot;:&quot;classic&quot;}\">\n\t\t\t\t\t\t\t<div class=\"elementor-background-overlay\"><\/div>\n\t\t\t\t\t\t\t<div class=\"elementor-container elementor-column-gap-default\">\n\t\t\t\t\t\t\t<div class=\"elementor-row\">\n\t\t\t\t\t<div class=\"elementor-column elementor-col-100 elementor-top-column elementor-element elementor-element-aebbe10\" data-id=\"aebbe10\" data-element_type=\"column\">\n\t\t\t<div class=\"elementor-column-wrap\">\n\t\t\t\t\t\t\t<div class=\"elementor-widget-wrap\">\n\t\t\t\t\t\t\t\t<\/div>\n\t\t\t\t\t<\/div>\n\t\t<\/div>\n\t\t\t\t\t\t\t\t<\/div>\n\t\t\t\t\t<\/div>\n\t\t<\/section>\n\t\t\t\t<section class=\"elementor-section elementor-top-section elementor-element elementor-element-befc87c elementor-section-boxed elementor-section-height-default elementor-section-height-default\" data-id=\"befc87c\" data-element_type=\"section\">\n\t\t\t\t\t\t<div class=\"elementor-container elementor-column-gap-default\">\n\t\t\t\t\t\t\t<div class=\"elementor-row\">\n\t\t\t\t\t<div class=\"elementor-column elementor-col-100 elementor-top-column elementor-element elementor-element-df6e4f7\" data-id=\"df6e4f7\" data-element_type=\"column\">\n\t\t\t<div class=\"elementor-column-wrap elementor-element-populated\">\n\t\t\t\t\t\t\t<div class=\"elementor-widget-wrap\">\n\t\t\t\t\t\t<div class=\"elementor-element elementor-element-a012a18 elementor-widget elementor-widget-spacer\" data-id=\"a012a18\" data-element_type=\"widget\" data-widget_type=\"spacer.default\">\n\t\t\t\t<div class=\"elementor-widget-container\">\n\t\t\t\t\t<div class=\"elementor-spacer\">\n\t\t\t<div class=\"elementor-spacer-inner\"><\/div>\n\t\t<\/div>\n\t\t\t\t<\/div>\n\t\t\t\t<\/div>\n\t\t\t\t\t\t<\/div>\n\t\t\t\t\t<\/div>\n\t\t<\/div>\n\t\t\t\t\t\t\t\t<\/div>\n\t\t\t\t\t<\/div>\n\t\t<\/section>\n\t\t\t\t<section class=\"elementor-section elementor-top-section elementor-element elementor-element-c9732f5 elementor-section-boxed elementor-section-height-default elementor-section-height-default\" data-id=\"c9732f5\" data-element_type=\"section\">\n\t\t\t\t\t\t<div class=\"elementor-container elementor-column-gap-default\">\n\t\t\t\t\t\t\t<div class=\"elementor-row\">\n\t\t\t\t\t<div class=\"elementor-column elementor-col-100 elementor-top-column elementor-element elementor-element-65b1d20\" data-id=\"65b1d20\" data-element_type=\"column\">\n\t\t\t<div class=\"elementor-column-wrap elementor-element-populated\">\n\t\t\t\t\t\t\t<div class=\"elementor-widget-wrap\">\n\t\t\t\t\t\t<div class=\"elementor-element elementor-element-cf37e58 elementor-widget elementor-widget-text-editor\" data-id=\"cf37e58\" data-element_type=\"widget\" data-widget_type=\"text-editor.default\">\n\t\t\t\t<div class=\"elementor-widget-container\">\n\t\t\t\t\t\t\t\t<div class=\"elementor-text-editor elementor-clearfix\">\n\t\t\t\t<p><em>A continuaci\u00f3n reproducimos el art\u00edculo publicado por Landaluz en sus medios de comunicaci\u00f3n donde reivindicamos la puesta en valor de la seguridad alimentaria y reclamamos una mayor consideraci\u00f3n a \u00a0la calidad del servicio prestado por los buenos profesionales del sector.\u00a0<\/em><\/p><p><em>LANDALUZ, <strong>Asociaci\u00f3n Empresarial Alimentos de Andaluc\u00eda<\/strong>, es la entidad referente del sector agroalimentario de Andaluc\u00eda, lo que pone de relieve el peso espec\u00edfico y la representatividad con el que cuenta como patronal empresarial agroindustrial.<\/em><\/p><p>\u00a0<\/p>\t\t\t\t\t<\/div>\n\t\t\t\t\t\t<\/div>\n\t\t\t\t<\/div>\n\t\t\t\t\t\t<\/div>\n\t\t\t\t\t<\/div>\n\t\t<\/div>\n\t\t\t\t\t\t\t\t<\/div>\n\t\t\t\t\t<\/div>\n\t\t<\/section>\n\t\t\t\t<section class=\"elementor-section elementor-top-section elementor-element elementor-element-2fa8f09 elementor-section-boxed elementor-section-height-default elementor-section-height-default\" data-id=\"2fa8f09\" data-element_type=\"section\">\n\t\t\t\t\t\t<div class=\"elementor-container elementor-column-gap-default\">\n\t\t\t\t\t\t\t<div class=\"elementor-row\">\n\t\t\t\t\t<div class=\"elementor-column elementor-col-100 elementor-top-column elementor-element elementor-element-9536a40\" data-id=\"9536a40\" data-element_type=\"column\">\n\t\t\t<div class=\"elementor-column-wrap elementor-element-populated\">\n\t\t\t\t\t\t\t<div class=\"elementor-widget-wrap\">\n\t\t\t\t\t\t<div class=\"elementor-element elementor-element-db6024a elementor-widget elementor-widget-text-editor\" data-id=\"db6024a\" data-element_type=\"widget\" data-widget_type=\"text-editor.default\">\n\t\t\t\t<div class=\"elementor-widget-container\">\n\t\t\t\t\t\t\t\t<div class=\"elementor-text-editor elementor-clearfix\">\n\t\t\t\t<p>La seguridad alimentaria como garant\u00eda de crecimiento y porqu\u00e9 es importante darle el valor que se merece.\u00a0<\/p>\t\t\t\t\t<\/div>\n\t\t\t\t\t\t<\/div>\n\t\t\t\t<\/div>\n\t\t\t\t\t\t<\/div>\n\t\t\t\t\t<\/div>\n\t\t<\/div>\n\t\t\t\t\t\t\t\t<\/div>\n\t\t\t\t\t<\/div>\n\t\t<\/section>\n\t\t\t\t<section class=\"elementor-section elementor-top-section elementor-element elementor-element-ceb2761 elementor-section-boxed elementor-section-height-default elementor-section-height-default\" data-id=\"ceb2761\" data-element_type=\"section\">\n\t\t\t\t\t\t<div class=\"elementor-container elementor-column-gap-default\">\n\t\t\t\t\t\t\t<div class=\"elementor-row\">\n\t\t\t\t\t<div class=\"elementor-column elementor-col-100 elementor-top-column elementor-element elementor-element-8923d87\" data-id=\"8923d87\" data-element_type=\"column\">\n\t\t\t<div class=\"elementor-column-wrap elementor-element-populated\">\n\t\t\t\t\t\t\t<div class=\"elementor-widget-wrap\">\n\t\t\t\t\t\t<div class=\"elementor-element elementor-element-ba5fa3c elementor-widget elementor-widget-text-editor\" data-id=\"ba5fa3c\" data-element_type=\"widget\" data-widget_type=\"text-editor.default\">\n\t\t\t\t<div class=\"elementor-widget-container\">\n\t\t\t\t\t\t\t\t<div class=\"elementor-text-editor elementor-clearfix\">\n\t\t\t\t<p>La seguridad alimentaria entendida como procedimientos de control implantados y actualizados , equipos competentes de trabajo y asignaci\u00f3n presupuestaria de acuerdo a las necesidades particulares de cada actividad y objetivos estrat\u00e9gicos, aporta un gran valor al crecimiento de la empresa de alimentaci\u00f3n.<\/p><p>En alg\u00fan momento todos hemos visto o leido noticias sobre fraudes alimentarios ( que es delito, siendo el mas com\u00fan el de informaci\u00f3n falsa al consumidor ) y alertas sanitarias de mayor o menor gravedad relacionada con la alimentaci\u00f3n. Algunas de estas noticias aparecen en la televisi\u00f3n en la secci\u00f3n de sucesos. Otras se hacen virales en las redes sociales.<\/p><p>Frente a esto, podemos estar seguros de tres cosas: la empresa no se va a recuperar de el da\u00f1o a su reputaci\u00f3n y a su cuenta de resultados que estos hechos y noticias generan, no gestiona bien su seguridad alimentaria, y estas son situaciones evitables.<\/p><p>La falta de una correcta seguridad alimentaria es garant\u00eda de fracaso del proyecto alimentario: tarde o temprano se comenten errores de graves consecuencias.<\/p><p>Por otro lado, la seguridad alimentaria bien gestionada es garant\u00eda de crecimiento y es importante darle el valor que se merece.<\/p><p>La seguridad alimentaria es el cumplimiento de la normativa vigente, son procedimientos de control exhaustivo integrados en la operativa diaria, es higiene, buenas pr\u00e1cticas, an\u00e1lisis continuo de los peligros posibles y puntos cr\u00edticos en la cadena de suministro, y su resoluci\u00f3n. El \u00e9xito depende, fundamentalmente , de un \u00e9quipo de trabajo cualificado y con experiencia y una correcta dotaci\u00f3n presupuestaria.<\/p><p>Durante la peor \u00e9poca de la pandemia, pudimos comprobar como el sector de la alimentaci\u00f3n de Espa\u00f1a pudo agrandar el ancho camino internacional por el que transita gracias a , en palabras de Maurio Garc\u00eda de Quevedo, Director General de la FIAB , \u201cla gran oportunidad en reputaci\u00f3n y prestigio que supone tener la mejor seguridad alimentaria del mundo\u201d. ( Conferencia en el IESE Business School, junio 2020 )<\/p><p>Tenemos ante nosotros el reto de seguir haciendo camino para muchas otras empresas que no han iniciado su aventura internacional, y la mejor manera es garantizar la seguridad de nuestros alimentos.<\/p><p>Estamos alineados con el objetivo de Landaluz de reivindicar la mejor industria alimentaria de Espa\u00f1a, la Andaluza, y desde esta tribuna nos gustar\u00eda reclamar adem\u00e1s una mayor atenci\u00f3n hacia el trabajo de todos los buenos profesionales de la seguridad alimentaria, algunas veces no lo suficientemente valorados, para la consecuci\u00f3n de los grandes objetivos estrat\u00e9gicos de la empresa de alimentaci\u00f3n.<\/p><p>Por ello nos sumamos a la petici\u00f3n que escuchamos de boca de D. Ignacio Osborne en el IV Congreso Agroalimentario de Andalucia, cuando ped\u00eda analizar antes la calidad frente a su precio; Calidad del producto, y Calidad del servicio prestado.<\/p><p>Y reivindicamos la seguridad alimentaria como garant\u00eda de crecimiento de la empresa alimentaria.<\/p><p>\u00a0<\/p><p><a href=\"https:\/\/landaluz.es\/2022\/04\/21\/seguridad-alimentaria\/\" target=\"_blank\" rel=\"noopener\">Enlace a la publicaci\u00f3n<\/a>.\u00a0<\/p>\t\t\t\t\t<\/div>\n\t\t\t\t\t\t<\/div>\n\t\t\t\t<\/div>\n\t\t\t\t\t\t<\/div>\n\t\t\t\t\t<\/div>\n\t\t<\/div>\n\t\t\t\t\t\t\t\t<\/div>\n\t\t\t\t\t<\/div>\n\t\t<\/section>\n\t\t\t\t<section class=\"elementor-section elementor-top-section elementor-element elementor-element-8f0d8b2 elementor-section-boxed elementor-section-height-default elementor-section-height-default\" data-id=\"8f0d8b2\" data-element_type=\"section\">\n\t\t\t\t\t\t<div class=\"elementor-container elementor-column-gap-default\">\n\t\t\t\t\t\t\t<div class=\"elementor-row\">\n\t\t\t\t\t<div class=\"elementor-column elementor-col-100 elementor-top-column elementor-element elementor-element-cc346c2\" data-id=\"cc346c2\" data-element_type=\"column\">\n\t\t\t<div class=\"elementor-column-wrap elementor-element-populated\">\n\t\t\t\t\t\t\t<div class=\"elementor-widget-wrap\">\n\t\t\t\t\t\t<div class=\"elementor-element elementor-element-2b3ec02 elementor-view-default elementor-widget elementor-widget-icon\" data-id=\"2b3ec02\" data-element_type=\"widget\" data-widget_type=\"icon.default\">\n\t\t\t\t<div class=\"elementor-widget-container\">\n\t\t\t\t\t<div class=\"elementor-icon-wrapper\">\n\t\t\t<a class=\"elementor-icon\" href=\"https:\/\/www.bretema.es\/index.php\/noticias\">\n\t\t\t<i aria-hidden=\"true\" class=\"fas fa-step-backward\"><\/i>\t\t\t<\/a>\n\t\t<\/div>\n\t\t\t\t<\/div>\n\t\t\t\t<\/div>\n\t\t\t\t\t\t<\/div>\n\t\t\t\t\t<\/div>\n\t\t<\/div>\n\t\t\t\t\t\t\t\t<\/div>\n\t\t\t\t\t<\/div>\n\t\t<\/section>\n\t\t\t\t\t\t\t\t\t<\/div>\n\t\t\t<\/div>\n\t\t\t\t\t<\/div>\n\t\t","protected":false},"excerpt":{"rendered":"<p># seguridad alimentaria en Landaluz A continuaci\u00f3n reproducimos el art\u00edculo publicado por Landaluz en sus medios de comunicaci\u00f3n donde reivindicamos la puesta en valor de la seguridad alimentaria y reclamamos una mayor consideraci\u00f3n a \u00a0la calidad del servicio prestado por los buenos profesionales del sector.\u00a0 LANDALUZ, Asociaci\u00f3n Empresarial Alimentos de Andaluc\u00eda, es la entidad referente &hellip;<\/p>\n<p class=\"read-more\"> <a class=\"\" href=\"https:\/\/www.bretema.es\/index.php\/2022\/04\/21\/articulo-de-opinion-publicado-en-landaluz\/\"> <span class=\"screen-reader-text\">Articulo de opini\u00f3n publicado en Landaluz<\/span> Leer m\u00e1s \u00bb<\/a><\/p>\n","protected":false},"author":1,"featured_media":7697,"comment_status":"closed","ping_status":"closed","sticky":false,"template":"elementor_header_footer","format":"standard","meta":{"_mi_skip_tracking":false,"site-sidebar-layout":"default","site-content-layout":"default","ast-main-header-display":"","ast-hfb-above-header-display":"","ast-hfb-below-header-display":"","ast-hfb-mobile-header-display":"","site-post-title":"","ast-breadcrumbs-content":"","ast-featured-img":"","footer-sml-layout":"","theme-transparent-header-meta":"default","adv-header-id-meta":"","stick-header-meta":"default","header-above-stick-meta":"","header-main-stick-meta":"","header-below-stick-meta":""},"categories":[23],"tags":[78],"_links":{"self":[{"href":"https:\/\/www.bretema.es\/index.php\/wp-json\/wp\/v2\/posts\/7675"}],"collection":[{"href":"https:\/\/www.bretema.es\/index.php\/wp-json\/wp\/v2\/posts"}],"about":[{"href":"https:\/\/www.bretema.es\/index.php\/wp-json\/wp\/v2\/types\/post"}],"author":[{"embeddable":true,"href":"https:\/\/www.bretema.es\/index.php\/wp-json\/wp\/v2\/users\/1"}],"replies":[{"embeddable":true,"href":"https:\/\/www.bretema.es\/index.php\/wp-json\/wp\/v2\/comments?post=7675"}],"version-history":[{"count":20,"href":"https:\/\/www.bretema.es\/index.php\/wp-json\/wp\/v2\/posts\/7675\/revisions"}],"predecessor-version":[{"id":8654,"href":"https:\/\/www.bretema.es\/index.php\/wp-json\/wp\/v2\/posts\/7675\/revisions\/8654"}],"wp:featuredmedia":[{"embeddable":true,"href":"https:\/\/www.bretema.es\/index.php\/wp-json\/wp\/v2\/media\/7697"}],"wp:attachment":[{"href":"https:\/\/www.bretema.es\/index.php\/wp-json\/wp\/v2\/media?parent=7675"}],"wp:term":[{"taxonomy":"category","embeddable":true,"href":"https:\/\/www.bretema.es\/index.php\/wp-json\/wp\/v2\/categories?post=7675"},{"taxonomy":"post_tag","embeddable":true,"href":"https:\/\/www.bretema.es\/index.php\/wp-json\/wp\/v2\/tags?post=7675"}],"curies":[{"name":"wp","href":"https:\/\/api.w.org\/{rel}","templated":true}]}}