{"id":5429,"date":"2021-06-08T18:53:37","date_gmt":"2021-06-08T16:53:37","guid":{"rendered":"http:\/\/www.bretema.es\/?p=5429"},"modified":"2023-03-22T18:30:19","modified_gmt":"2023-03-22T16:30:19","slug":"fundacion-banco-de-alimentos-de-sevilla","status":"publish","type":"post","link":"https:\/\/www.bretema.es\/index.php\/2021\/06\/08\/fundacion-banco-de-alimentos-de-sevilla\/","title":{"rendered":"Fundaci\u00f3n Banco de Alimentos de Sevilla"},"content":{"rendered":"\t\t<div data-elementor-type=\"wp-post\" data-elementor-id=\"5429\" class=\"elementor elementor-5429\">\n\t\t\t\t\t\t<div class=\"elementor-inner\">\n\t\t\t\t<div class=\"elementor-section-wrap\">\n\t\t\t\t\t\t\t\t\t<section class=\"elementor-section elementor-top-section elementor-element elementor-element-e519993 elementor-section-boxed elementor-section-height-default elementor-section-height-default\" data-id=\"e519993\" data-element_type=\"section\">\n\t\t\t\t\t\t<div class=\"elementor-container elementor-column-gap-default\">\n\t\t\t\t\t\t\t<div class=\"elementor-row\">\n\t\t\t\t\t<div class=\"elementor-column elementor-col-100 elementor-top-column elementor-element elementor-element-a74de69\" data-id=\"a74de69\" data-element_type=\"column\">\n\t\t\t<div class=\"elementor-column-wrap elementor-element-populated\">\n\t\t\t\t\t\t\t<div class=\"elementor-widget-wrap\">\n\t\t\t\t\t\t<div class=\"elementor-element elementor-element-8e0a8c4 elementor-widget elementor-widget-heading\" data-id=\"8e0a8c4\" data-element_type=\"widget\" data-widget_type=\"heading.default\">\n\t\t\t\t<div class=\"elementor-widget-container\">\n\t\t\t<h2 class=\"elementor-heading-title elementor-size-default\"># responsabilidad social <\/h2>\t\t<\/div>\n\t\t\t\t<\/div>\n\t\t\t\t\t\t<\/div>\n\t\t\t\t\t<\/div>\n\t\t<\/div>\n\t\t\t\t\t\t\t\t<\/div>\n\t\t\t\t\t<\/div>\n\t\t<\/section>\n\t\t\t\t<section class=\"elementor-section elementor-top-section elementor-element elementor-element-cd7qlby elementor-section-boxed elementor-section-height-default elementor-section-height-default\" data-id=\"cd7qlby\" data-element_type=\"section\" data-settings=\"{&quot;background_background&quot;:&quot;classic&quot;}\">\n\t\t\t\t\t\t\t<div class=\"elementor-background-overlay\"><\/div>\n\t\t\t\t\t\t\t<div class=\"elementor-container elementor-column-gap-default\">\n\t\t\t\t\t\t\t<div class=\"elementor-row\">\n\t\t\t\t\t<div class=\"elementor-column elementor-col-100 elementor-top-column elementor-element elementor-element-aebbe10\" data-id=\"aebbe10\" data-element_type=\"column\">\n\t\t\t<div class=\"elementor-column-wrap\">\n\t\t\t\t\t\t\t<div class=\"elementor-widget-wrap\">\n\t\t\t\t\t\t\t\t<\/div>\n\t\t\t\t\t<\/div>\n\t\t<\/div>\n\t\t\t\t\t\t\t\t<\/div>\n\t\t\t\t\t<\/div>\n\t\t<\/section>\n\t\t\t\t<section class=\"elementor-section elementor-top-section elementor-element elementor-element-befc87c elementor-section-boxed elementor-section-height-default elementor-section-height-default\" data-id=\"befc87c\" data-element_type=\"section\">\n\t\t\t\t\t\t<div class=\"elementor-container elementor-column-gap-default\">\n\t\t\t\t\t\t\t<div class=\"elementor-row\">\n\t\t\t\t\t<div class=\"elementor-column elementor-col-100 elementor-top-column elementor-element elementor-element-df6e4f7\" data-id=\"df6e4f7\" data-element_type=\"column\">\n\t\t\t<div class=\"elementor-column-wrap elementor-element-populated\">\n\t\t\t\t\t\t\t<div class=\"elementor-widget-wrap\">\n\t\t\t\t\t\t<div class=\"elementor-element elementor-element-a012a18 elementor-widget elementor-widget-spacer\" data-id=\"a012a18\" data-element_type=\"widget\" data-widget_type=\"spacer.default\">\n\t\t\t\t<div class=\"elementor-widget-container\">\n\t\t\t\t\t<div class=\"elementor-spacer\">\n\t\t\t<div class=\"elementor-spacer-inner\"><\/div>\n\t\t<\/div>\n\t\t\t\t<\/div>\n\t\t\t\t<\/div>\n\t\t\t\t\t\t<\/div>\n\t\t\t\t\t<\/div>\n\t\t<\/div>\n\t\t\t\t\t\t\t\t<\/div>\n\t\t\t\t\t<\/div>\n\t\t<\/section>\n\t\t\t\t<section class=\"elementor-section elementor-top-section elementor-element elementor-element-f11dd9b elementor-section-boxed elementor-section-height-default elementor-section-height-default\" data-id=\"f11dd9b\" data-element_type=\"section\">\n\t\t\t\t\t\t<div class=\"elementor-container elementor-column-gap-default\">\n\t\t\t\t\t\t\t<div class=\"elementor-row\">\n\t\t\t\t\t<div class=\"elementor-column elementor-col-100 elementor-top-column elementor-element elementor-element-8a33dcf\" data-id=\"8a33dcf\" data-element_type=\"column\">\n\t\t\t<div class=\"elementor-column-wrap elementor-element-populated\">\n\t\t\t\t\t\t\t<div class=\"elementor-widget-wrap\">\n\t\t\t\t\t\t<div class=\"elementor-element elementor-element-0d6eb63 elementor-widget elementor-widget-text-editor\" data-id=\"0d6eb63\" data-element_type=\"widget\" data-widget_type=\"text-editor.default\">\n\t\t\t\t<div class=\"elementor-widget-container\">\n\t\t\t\t\t\t\t\t<div class=\"elementor-text-editor elementor-clearfix\">\n\t\t\t\t<p>Estamos muy orgullosos de poder echar una mano en estos tiempos tan complicados.\u00a0<\/p><p>Hemos firmado un acuerdo de colaboraci\u00f3n indefinida con la Fundaci\u00f3n Banco de Alimentos de Sevilla, mediante el cual nos hacemos cargo de manera altruista de la gesti\u00f3n de la seguridad alimentaria de la Fundaci\u00f3n.\u00a0<\/p><p><a href=\"https:\/\/www.linkedin.com\/feed\/update\/urn:li:activity:6808117327058501633\" target=\"_blank\" rel=\"noopener\">Enlace a la publicaci\u00f3n\u00a0<\/a><\/p>\t\t\t\t\t<\/div>\n\t\t\t\t\t\t<\/div>\n\t\t\t\t<\/div>\n\t\t\t\t\t\t<\/div>\n\t\t\t\t\t<\/div>\n\t\t<\/div>\n\t\t\t\t\t\t\t\t<\/div>\n\t\t\t\t\t<\/div>\n\t\t<\/section>\n\t\t\t\t<section class=\"elementor-section elementor-top-section elementor-element elementor-element-04a0d84 elementor-section-boxed elementor-section-height-default elementor-section-height-default\" data-id=\"04a0d84\" data-element_type=\"section\">\n\t\t\t\t\t\t<div class=\"elementor-container elementor-column-gap-default\">\n\t\t\t\t\t\t\t<div class=\"elementor-row\">\n\t\t\t\t\t<div class=\"elementor-column elementor-col-100 elementor-top-column elementor-element elementor-element-aefa2b7\" data-id=\"aefa2b7\" data-element_type=\"column\">\n\t\t\t<div class=\"elementor-column-wrap elementor-element-populated\">\n\t\t\t\t\t\t\t<div class=\"elementor-widget-wrap\">\n\t\t\t\t\t\t<div class=\"elementor-element elementor-element-6d95ff6 elementor-widget elementor-widget-text-editor\" data-id=\"6d95ff6\" data-element_type=\"widget\" data-widget_type=\"text-editor.default\">\n\t\t\t\t<div class=\"elementor-widget-container\">\n\t\t\t\t\t\t\t\t<div class=\"elementor-text-editor elementor-clearfix\">\n\t\t\t\t<p>La Fundaci\u00f3n Banco de Alimentos de Sevilla (BAS) es una entidad sin fines lucrativos, basada en el voluntariado que en 1995, se constituye como la \u00abAsociaci\u00f3n Banco de Alimentos de Sevilla\u00bb mediante una Asamblea General. Desde ese momento pasa a ser miembro de la Fundaci\u00f3n Banco de Alimentos de Espa\u00f1a, asumiendo como fin principal la gesti\u00f3n y recogida gratuita de alimentos no comercionables pero si consumibles y a la creaci\u00f3n de un canal que los lleve a las personas m\u00e1s necesitada de Sevilla y su provincia, cumpliendo as\u00ed con el objetivo fundamental de los Bancos de Alimentos, luchar \u00abContra el hambre y el despilfarro de alimentos\u00bb.\u00a0 A\u00f1os m\u00e1s tardes, en septiembre de 1998, tiene lugar la transformaci\u00f3n de la \u00abAsociaci\u00f3n Banco de Alimentos de Sevilla\u00bb en la Fundaci\u00f3n Banco de Alimentos de Sevilla, tal y como la conocemos.<\/p><p>Hoy, la Fundaci\u00f3n Banco de Alimentos de Sevilla gestiona la recogida, el almacenaje, la conservaci\u00f3n, el control de calidad y la distribuci\u00f3n de alimentos con el objetivo de hacerlos llegar a las organizaciones asociadas de reparto y consumo y, a trav\u00e9s de ellos, a las personas que los necesitan. Adem\u00e1s, actualmente, apuesta por la formaci\u00f3n e inclusi\u00f3n en el mercado laboral de personasen situaci\u00f3n de vulnerabilidad.<\/p><p>El BAS forma parte de la Federaci\u00f3n de Bancos de Alimentos de Andaluc\u00eda, Ceuta y Melilla (FABACM), y est\u00e1 integrada en la Federaci\u00f3n Espa\u00f1ola de Bancos de Alimentos (FESBAL), que engloba a 54 Bancos de Alimentos de toda Espa\u00f1a y que compone una red en la que trabajan de forma habitual m\u00e1s de 3.000 voluntarios.<\/p><p>Enlace a la p\u00e1gina <a href=\"https:\/\/www.bancodealimentosdesevilla.org\/como-colaborar\/\" target=\"_blank\" rel=\"noopener\">\u00bf COMO COLABORAR ?\u00a0<\/a><\/p>\t\t\t\t\t<\/div>\n\t\t\t\t\t\t<\/div>\n\t\t\t\t<\/div>\n\t\t\t\t\t\t<\/div>\n\t\t\t\t\t<\/div>\n\t\t<\/div>\n\t\t\t\t\t\t\t\t<\/div>\n\t\t\t\t\t<\/div>\n\t\t<\/section>\n\t\t\t\t<section class=\"elementor-section elementor-top-section elementor-element elementor-element-3i3qn0d elementor-section-content-middle elementor-section-boxed elementor-section-height-default elementor-section-height-default\" data-id=\"3i3qn0d\" data-element_type=\"section\" data-settings=\"{&quot;background_background&quot;:&quot;classic&quot;}\">\n\t\t\t\t\t\t\t<div class=\"elementor-background-overlay\"><\/div>\n\t\t\t\t\t\t\t<div class=\"elementor-container elementor-column-gap-no\">\n\t\t\t\t\t\t\t<div class=\"elementor-row\">\n\t\t\t\t\t<div class=\"elementor-column elementor-col-100 elementor-top-column elementor-element elementor-element-efbc4d6\" data-id=\"efbc4d6\" data-element_type=\"column\">\n\t\t\t<div class=\"elementor-column-wrap elementor-element-populated\">\n\t\t\t\t\t\t\t<div class=\"elementor-widget-wrap\">\n\t\t\t\t\t\t<div class=\"elementor-element elementor-element-50773bd elementor-widget elementor-widget-heading\" data-id=\"50773bd\" data-element_type=\"widget\" data-widget_type=\"heading.default\">\n\t\t\t\t<div class=\"elementor-widget-container\">\n\t\t\t<h6 class=\"elementor-heading-title elementor-size-default\">Sevilla<\/h6>\t\t<\/div>\n\t\t\t\t<\/div>\n\t\t\t\t<div class=\"elementor-element elementor-element-ddc3b5a elementor-widget elementor-widget-heading\" data-id=\"ddc3b5a\" data-element_type=\"widget\" data-widget_type=\"heading.default\">\n\t\t\t\t<div class=\"elementor-widget-container\">\n\t\t\t<h2 class=\"elementor-heading-title elementor-size-default\">Fundaci\u00f3n Banco de Alimentos de Sevilla <\/h2>\t\t<\/div>\n\t\t\t\t<\/div>\n\t\t\t\t<div class=\"elementor-element elementor-element-cbe4592 elementor-widget-divider--view-line elementor-widget elementor-widget-divider\" data-id=\"cbe4592\" data-element_type=\"widget\" data-widget_type=\"divider.default\">\n\t\t\t\t<div class=\"elementor-widget-container\">\n\t\t\t\t\t<div class=\"elementor-divider\">\n\t\t\t<span class=\"elementor-divider-separator\">\n\t\t\t\t\t\t<\/span>\n\t\t<\/div>\n\t\t\t\t<\/div>\n\t\t\t\t<\/div>\n\t\t\t\t<div class=\"elementor-element elementor-element-65f5ec1 elementor-arrows-position-outside elementor-widget elementor-widget-image-carousel\" data-id=\"65f5ec1\" data-element_type=\"widget\" data-settings=\"{&quot;slides_to_show&quot;:&quot;3&quot;,&quot;slides_to_scroll&quot;:&quot;1&quot;,&quot;navigation&quot;:&quot;arrows&quot;,&quot;slides_to_show_tablet&quot;:&quot;2&quot;,&quot;slides_to_show_mobile&quot;:&quot;1&quot;,&quot;autoplay&quot;:&quot;no&quot;,&quot;image_spacing_custom&quot;:{&quot;unit&quot;:&quot;px&quot;,&quot;size&quot;:20,&quot;sizes&quot;:[]},&quot;infinite&quot;:&quot;yes&quot;,&quot;speed&quot;:500,&quot;image_spacing_custom_tablet&quot;:{&quot;unit&quot;:&quot;px&quot;,&quot;size&quot;:&quot;&quot;,&quot;sizes&quot;:[]}}\" data-widget_type=\"image-carousel.default\">\n\t\t\t\t<div class=\"elementor-widget-container\">\n\t\t\t\t\t<div class=\"elementor-image-carousel-wrapper swiper-container\" dir=\"ltr\">\n\t\t\t<div class=\"elementor-image-carousel swiper-wrapper swiper-image-stretch\">\n\t\t\t\t\t\t\t\t<div class=\"swiper-slide\"><figure class=\"swiper-slide-inner\"><img decoding=\"async\" class=\"swiper-slide-image\" src=\"https:\/\/www.bretema.es\/wp-content\/uploads\/2021\/06\/1623148572619-1-e1639846765531.jpeg\" alt=\"1623148572619\" \/><\/figure><\/div><div class=\"swiper-slide\"><figure class=\"swiper-slide-inner\"><img decoding=\"async\" class=\"swiper-slide-image\" src=\"https:\/\/www.bretema.es\/wp-content\/uploads\/2021\/06\/1635924808652.jpeg\" alt=\"1635924808652\" \/><\/figure><\/div><div class=\"swiper-slide\"><figure class=\"swiper-slide-inner\"><img decoding=\"async\" class=\"swiper-slide-image\" src=\"https:\/\/www.bretema.es\/wp-content\/uploads\/2021\/06\/1637932651893.jpeg\" alt=\"1637932651893\" \/><\/figure><\/div><div class=\"swiper-slide\"><figure class=\"swiper-slide-inner\"><img decoding=\"async\" class=\"swiper-slide-image\" src=\"https:\/\/www.bretema.es\/wp-content\/uploads\/2021\/06\/1639689088495.jpeg\" alt=\"1639689088495\" \/><\/figure><\/div><div class=\"swiper-slide\"><figure class=\"swiper-slide-inner\"><img decoding=\"async\" class=\"swiper-slide-image\" src=\"https:\/\/www.bretema.es\/wp-content\/uploads\/2021\/06\/1639486725835-e1639846804448.jpeg\" alt=\"1639486725835\" \/><\/figure><\/div>\t\t\t<\/div>\n\t\t\t\t\t\t\t\t\t\t\t\t\t\t\t\t<div class=\"elementor-swiper-button elementor-swiper-button-prev\">\n\t\t\t\t\t\t<i aria-hidden=\"true\" class=\"eicon-chevron-left\"><\/i>\t\t\t\t\t\t<span class=\"elementor-screen-only\">Anterior<\/span>\n\t\t\t\t\t<\/div>\n\t\t\t\t\t<div class=\"elementor-swiper-button elementor-swiper-button-next\">\n\t\t\t\t\t\t<i aria-hidden=\"true\" class=\"eicon-chevron-right\"><\/i>\t\t\t\t\t\t<span class=\"elementor-screen-only\">Siguiente<\/span>\n\t\t\t\t\t<\/div>\n\t\t\t\t\t\t\t\t\t<\/div>\n\t\t\t\t<\/div>\n\t\t\t\t<\/div>\n\t\t\t\t\t\t<\/div>\n\t\t\t\t\t<\/div>\n\t\t<\/div>\n\t\t\t\t\t\t\t\t<\/div>\n\t\t\t\t\t<\/div>\n\t\t<\/section>\n\t\t\t\t<section class=\"elementor-section elementor-top-section elementor-element elementor-element-8f0d8b2 elementor-section-boxed elementor-section-height-default elementor-section-height-default\" data-id=\"8f0d8b2\" data-element_type=\"section\">\n\t\t\t\t\t\t<div class=\"elementor-container elementor-column-gap-default\">\n\t\t\t\t\t\t\t<div class=\"elementor-row\">\n\t\t\t\t\t<div class=\"elementor-column elementor-col-100 elementor-top-column elementor-element elementor-element-cc346c2\" data-id=\"cc346c2\" data-element_type=\"column\">\n\t\t\t<div class=\"elementor-column-wrap elementor-element-populated\">\n\t\t\t\t\t\t\t<div class=\"elementor-widget-wrap\">\n\t\t\t\t\t\t<div class=\"elementor-element elementor-element-a3d648c elementor-view-default elementor-widget elementor-widget-icon\" data-id=\"a3d648c\" data-element_type=\"widget\" data-widget_type=\"icon.default\">\n\t\t\t\t<div class=\"elementor-widget-container\">\n\t\t\t\t\t<div class=\"elementor-icon-wrapper\">\n\t\t\t<a class=\"elementor-icon\" href=\"https:\/\/www.bretema.es\/index.php\/noticias\">\n\t\t\t<i aria-hidden=\"true\" class=\"fas fa-step-backward\"><\/i>\t\t\t<\/a>\n\t\t<\/div>\n\t\t\t\t<\/div>\n\t\t\t\t<\/div>\n\t\t\t\t\t\t<\/div>\n\t\t\t\t\t<\/div>\n\t\t<\/div>\n\t\t\t\t\t\t\t\t<\/div>\n\t\t\t\t\t<\/div>\n\t\t<\/section>\n\t\t\t\t\t\t\t\t\t<\/div>\n\t\t\t<\/div>\n\t\t\t\t\t<\/div>\n\t\t","protected":false},"excerpt":{"rendered":"<p># responsabilidad social Estamos muy orgullosos de poder echar una mano en estos tiempos tan complicados.\u00a0 Hemos firmado un acuerdo de colaboraci\u00f3n indefinida con la Fundaci\u00f3n Banco de Alimentos de Sevilla, mediante el cual nos hacemos cargo de manera altruista de la gesti\u00f3n de la seguridad alimentaria de la Fundaci\u00f3n.\u00a0 Enlace a la publicaci\u00f3n\u00a0 La &hellip;<\/p>\n<p class=\"read-more\"> <a class=\"\" href=\"https:\/\/www.bretema.es\/index.php\/2021\/06\/08\/fundacion-banco-de-alimentos-de-sevilla\/\"> <span class=\"screen-reader-text\">Fundaci\u00f3n Banco de Alimentos de Sevilla<\/span> Leer m\u00e1s \u00bb<\/a><\/p>\n","protected":false},"author":1,"featured_media":5431,"comment_status":"closed","ping_status":"closed","sticky":false,"template":"elementor_header_footer","format":"standard","meta":{"_mi_skip_tracking":false,"site-sidebar-layout":"default","site-content-layout":"default","ast-main-header-display":"","ast-hfb-above-header-display":"","ast-hfb-below-header-display":"","ast-hfb-mobile-header-display":"","site-post-title":"","ast-breadcrumbs-content":"","ast-featured-img":"","footer-sml-layout":"","theme-transparent-header-meta":"default","adv-header-id-meta":"","stick-header-meta":"default","header-above-stick-meta":"","header-main-stick-meta":"","header-below-stick-meta":""},"categories":[23],"tags":[78],"_links":{"self":[{"href":"https:\/\/www.bretema.es\/index.php\/wp-json\/wp\/v2\/posts\/5429"}],"collection":[{"href":"https:\/\/www.bretema.es\/index.php\/wp-json\/wp\/v2\/posts"}],"about":[{"href":"https:\/\/www.bretema.es\/index.php\/wp-json\/wp\/v2\/types\/post"}],"author":[{"embeddable":true,"href":"https:\/\/www.bretema.es\/index.php\/wp-json\/wp\/v2\/users\/1"}],"replies":[{"embeddable":true,"href":"https:\/\/www.bretema.es\/index.php\/wp-json\/wp\/v2\/comments?post=5429"}],"version-history":[{"count":9,"href":"https:\/\/www.bretema.es\/index.php\/wp-json\/wp\/v2\/posts\/5429\/revisions"}],"predecessor-version":[{"id":8687,"href":"https:\/\/www.bretema.es\/index.php\/wp-json\/wp\/v2\/posts\/5429\/revisions\/8687"}],"wp:featuredmedia":[{"embeddable":true,"href":"https:\/\/www.bretema.es\/index.php\/wp-json\/wp\/v2\/media\/5431"}],"wp:attachment":[{"href":"https:\/\/www.bretema.es\/index.php\/wp-json\/wp\/v2\/media?parent=5429"}],"wp:term":[{"taxonomy":"category","embeddable":true,"href":"https:\/\/www.bretema.es\/index.php\/wp-json\/wp\/v2\/categories?post=5429"},{"taxonomy":"post_tag","embeddable":true,"href":"https:\/\/www.bretema.es\/index.php\/wp-json\/wp\/v2\/tags?post=5429"}],"curies":[{"name":"wp","href":"https:\/\/api.w.org\/{rel}","templated":true}]}}