{"id":12737,"date":"2024-02-27T11:58:34","date_gmt":"2024-02-27T09:58:34","guid":{"rendered":"https:\/\/www.bretema.es\/?p=12737"},"modified":"2024-02-27T19:26:38","modified_gmt":"2024-02-27T17:26:38","slug":"reflexion-sobre-la-nueva-marca-gusto-del-sur","status":"publish","type":"post","link":"https:\/\/www.bretema.es\/index.php\/2024\/02\/27\/reflexion-sobre-la-nueva-marca-gusto-del-sur\/","title":{"rendered":"Reflexi\u00f3n sobre la nueva marca \u00abGusto del Sur\u00bb"},"content":{"rendered":"\t\t<div data-elementor-type=\"wp-post\" data-elementor-id=\"12737\" class=\"elementor elementor-12737\">\n\t\t\t\t\t\t<div class=\"elementor-inner\">\n\t\t\t\t<div class=\"elementor-section-wrap\">\n\t\t\t\t\t\t\t\t\t<section class=\"elementor-section elementor-top-section elementor-element elementor-element-1edbab5 elementor-section-boxed elementor-section-height-default elementor-section-height-default\" data-id=\"1edbab5\" data-element_type=\"section\">\n\t\t\t\t\t\t<div class=\"elementor-container elementor-column-gap-default\">\n\t\t\t\t\t\t\t<div class=\"elementor-row\">\n\t\t\t\t\t<div class=\"elementor-column elementor-col-100 elementor-top-column elementor-element elementor-element-d0b5772\" data-id=\"d0b5772\" data-element_type=\"column\">\n\t\t\t<div class=\"elementor-column-wrap elementor-element-populated\">\n\t\t\t\t\t\t\t<div class=\"elementor-widget-wrap\">\n\t\t\t\t\t\t<div class=\"elementor-element elementor-element-322a744 elementor-widget elementor-widget-heading\" data-id=\"322a744\" data-element_type=\"widget\" data-widget_type=\"heading.default\">\n\t\t\t\t<div class=\"elementor-widget-container\">\n\t\t\t<h2 class=\"elementor-heading-title elementor-size-default\">Gusto del Sur<\/h2>\t\t<\/div>\n\t\t\t\t<\/div>\n\t\t\t\t\t\t<\/div>\n\t\t\t\t\t<\/div>\n\t\t<\/div>\n\t\t\t\t\t\t\t\t<\/div>\n\t\t\t\t\t<\/div>\n\t\t<\/section>\n\t\t\t\t<section class=\"elementor-section elementor-top-section elementor-element elementor-element-u1otbfu elementor-section-height-min-height elementor-section-boxed elementor-section-height-default elementor-section-items-middle\" data-id=\"u1otbfu\" data-element_type=\"section\" data-settings=\"{&quot;background_background&quot;:&quot;classic&quot;}\">\n\t\t\t\t\t\t<div class=\"elementor-container elementor-column-gap-default\">\n\t\t\t\t\t\t\t<div class=\"elementor-row\">\n\t\t\t\t\t<div class=\"elementor-column elementor-col-100 elementor-top-column elementor-element elementor-element-b3a35f8\" data-id=\"b3a35f8\" data-element_type=\"column\">\n\t\t\t<div class=\"elementor-column-wrap\">\n\t\t\t\t\t\t\t<div class=\"elementor-widget-wrap\">\n\t\t\t\t\t\t\t\t<\/div>\n\t\t\t\t\t<\/div>\n\t\t<\/div>\n\t\t\t\t\t\t\t\t<\/div>\n\t\t\t\t\t<\/div>\n\t\t<\/section>\n\t\t\t\t<section class=\"elementor-section elementor-top-section elementor-element elementor-element-2d2a7a8 elementor-section-boxed elementor-section-height-default elementor-section-height-default\" data-id=\"2d2a7a8\" data-element_type=\"section\">\n\t\t\t\t\t\t<div class=\"elementor-container elementor-column-gap-default\">\n\t\t\t\t\t\t\t<div class=\"elementor-row\">\n\t\t\t\t\t<div class=\"elementor-column elementor-col-100 elementor-top-column elementor-element elementor-element-a5fade7\" data-id=\"a5fade7\" data-element_type=\"column\">\n\t\t\t<div class=\"elementor-column-wrap elementor-element-populated\">\n\t\t\t\t\t\t\t<div class=\"elementor-widget-wrap\">\n\t\t\t\t\t\t<div class=\"elementor-element elementor-element-52fe340 elementor-widget elementor-widget-spacer\" data-id=\"52fe340\" data-element_type=\"widget\" data-widget_type=\"spacer.default\">\n\t\t\t\t<div class=\"elementor-widget-container\">\n\t\t\t\t\t<div class=\"elementor-spacer\">\n\t\t\t<div class=\"elementor-spacer-inner\"><\/div>\n\t\t<\/div>\n\t\t\t\t<\/div>\n\t\t\t\t<\/div>\n\t\t\t\t\t\t<\/div>\n\t\t\t\t\t<\/div>\n\t\t<\/div>\n\t\t\t\t\t\t\t\t<\/div>\n\t\t\t\t\t<\/div>\n\t\t<\/section>\n\t\t\t\t<section class=\"elementor-section elementor-top-section elementor-element elementor-element-db649c5 elementor-section-boxed elementor-section-height-default elementor-section-height-default\" data-id=\"db649c5\" data-element_type=\"section\">\n\t\t\t\t\t\t<div class=\"elementor-container elementor-column-gap-default\">\n\t\t\t\t\t\t\t<div class=\"elementor-row\">\n\t\t\t\t\t<div class=\"elementor-column elementor-col-100 elementor-top-column elementor-element elementor-element-3aa5d95\" data-id=\"3aa5d95\" data-element_type=\"column\">\n\t\t\t<div class=\"elementor-column-wrap elementor-element-populated\">\n\t\t\t\t\t\t\t<div class=\"elementor-widget-wrap\">\n\t\t\t\t\t\t<div class=\"elementor-element elementor-element-76188be elementor-widget elementor-widget-heading\" data-id=\"76188be\" data-element_type=\"widget\" data-widget_type=\"heading.default\">\n\t\t\t\t<div class=\"elementor-widget-container\">\n\t\t\t<h2 class=\"elementor-heading-title elementor-size-default\">La reciente puesta en marcha de la marca \"Gusto del Sur\" promueve esta breve reflexi\u00f3n sobre la necesidad de mejorar los valores de la marca para las empresas que se adscriban, y la oportunidad de aumentar la competitividad real de las empresas agroalimentarias andaluzas. Art\u00edculo de pr\u00f3xima publicaci\u00f3n en la memoria anual de LANDALUZ\n<\/h2>\t\t<\/div>\n\t\t\t\t<\/div>\n\t\t\t\t<div class=\"elementor-element elementor-element-8a4321f elementor-widget elementor-widget-spacer\" data-id=\"8a4321f\" data-element_type=\"widget\" data-widget_type=\"spacer.default\">\n\t\t\t\t<div class=\"elementor-widget-container\">\n\t\t\t\t\t<div class=\"elementor-spacer\">\n\t\t\t<div class=\"elementor-spacer-inner\"><\/div>\n\t\t<\/div>\n\t\t\t\t<\/div>\n\t\t\t\t<\/div>\n\t\t\t\t\t\t<\/div>\n\t\t\t\t\t<\/div>\n\t\t<\/div>\n\t\t\t\t\t\t\t\t<\/div>\n\t\t\t\t\t<\/div>\n\t\t<\/section>\n\t\t\t\t<section class=\"elementor-section elementor-top-section elementor-element elementor-element-f8671de elementor-section-boxed elementor-section-height-default elementor-section-height-default\" data-id=\"f8671de\" data-element_type=\"section\">\n\t\t\t\t\t\t<div class=\"elementor-container elementor-column-gap-default\">\n\t\t\t\t\t\t\t<div class=\"elementor-row\">\n\t\t\t\t\t<div class=\"elementor-column elementor-col-100 elementor-top-column elementor-element elementor-element-07ff4b6\" data-id=\"07ff4b6\" data-element_type=\"column\">\n\t\t\t<div class=\"elementor-column-wrap elementor-element-populated\">\n\t\t\t\t\t\t\t<div class=\"elementor-widget-wrap\">\n\t\t\t\t\t\t<div class=\"elementor-element elementor-element-cd571af elementor-widget elementor-widget-image\" data-id=\"cd571af\" data-element_type=\"widget\" data-widget_type=\"image.default\">\n\t\t\t\t<div class=\"elementor-widget-container\">\n\t\t\t\t\t\t\t\t<div class=\"elementor-image\">\n\t\t\t\t\t\t\t\t\t\t\t\t<img decoding=\"async\" width=\"1024\" height=\"576\" src=\"https:\/\/www.bretema.es\/wp-content\/uploads\/2024\/02\/Sin-titulo@3x-1024x576.jpg\" class=\"attachment-large size-large wp-image-12744\" alt=\"\" loading=\"lazy\" srcset=\"https:\/\/www.bretema.es\/wp-content\/uploads\/2024\/02\/Sin-titulo@3x-1024x576.jpg 1024w, https:\/\/www.bretema.es\/wp-content\/uploads\/2024\/02\/Sin-titulo@3x-300x169.jpg 300w, https:\/\/www.bretema.es\/wp-content\/uploads\/2024\/02\/Sin-titulo@3x-768x432.jpg 768w, https:\/\/www.bretema.es\/wp-content\/uploads\/2024\/02\/Sin-titulo@3x-1536x864.jpg 1536w, https:\/\/www.bretema.es\/wp-content\/uploads\/2024\/02\/Sin-titulo@3x-2048x1152.jpg 2048w\" sizes=\"(max-width: 1024px) 100vw, 1024px\" \/>\t\t\t\t\t\t\t\t\t\t\t\t\t\t<\/div>\n\t\t\t\t\t\t<\/div>\n\t\t\t\t<\/div>\n\t\t\t\t\t\t<\/div>\n\t\t\t\t\t<\/div>\n\t\t<\/div>\n\t\t\t\t\t\t\t\t<\/div>\n\t\t\t\t\t<\/div>\n\t\t<\/section>\n\t\t\t\t<section class=\"elementor-section elementor-top-section elementor-element elementor-element-77e2903 elementor-section-boxed elementor-section-height-default elementor-section-height-default\" data-id=\"77e2903\" data-element_type=\"section\">\n\t\t\t\t\t\t<div class=\"elementor-container elementor-column-gap-default\">\n\t\t\t\t\t\t\t<div class=\"elementor-row\">\n\t\t\t\t\t<div class=\"elementor-column elementor-col-100 elementor-top-column elementor-element elementor-element-468de0d\" data-id=\"468de0d\" data-element_type=\"column\">\n\t\t\t<div class=\"elementor-column-wrap\">\n\t\t\t\t\t\t\t<div class=\"elementor-widget-wrap\">\n\t\t\t\t\t\t\t\t<\/div>\n\t\t\t\t\t<\/div>\n\t\t<\/div>\n\t\t\t\t\t\t\t\t<\/div>\n\t\t\t\t\t<\/div>\n\t\t<\/section>\n\t\t\t\t<section class=\"elementor-section elementor-top-section elementor-element elementor-element-3a2a3c7 elementor-section-boxed elementor-section-height-default elementor-section-height-default\" data-id=\"3a2a3c7\" data-element_type=\"section\">\n\t\t\t\t\t\t<div class=\"elementor-container elementor-column-gap-default\">\n\t\t\t\t\t\t\t<div class=\"elementor-row\">\n\t\t\t\t\t<div class=\"elementor-column elementor-col-100 elementor-top-column elementor-element elementor-element-6afe6d7\" data-id=\"6afe6d7\" data-element_type=\"column\">\n\t\t\t<div class=\"elementor-column-wrap elementor-element-populated\">\n\t\t\t\t\t\t\t<div class=\"elementor-widget-wrap\">\n\t\t\t\t\t\t<div class=\"elementor-element elementor-element-1d85ca9 elementor-widget elementor-widget-text-editor\" data-id=\"1d85ca9\" data-element_type=\"widget\" data-widget_type=\"text-editor.default\">\n\t\t\t\t<div class=\"elementor-widget-container\">\n\t\t\t\t\t\t\t\t<div class=\"elementor-text-editor elementor-clearfix\">\n\t\t\t\t<p>En el a\u00f1o 2023 se puso en funcionamiento con \u00e9xito, una nueva marca de promoci\u00f3n de las empresas alimentarias de Andaluc\u00eda, \u201cGusto del Sur\u201d, que recoge el testigo de la marca \u201cCalidad Certificada\u201d como marca de calidad agroalimentaria de la Junta de Andaluc\u00eda. En documentaci\u00f3n normativa, Decreto 153\/2023 de 27 de junio, define expl\u00edcitamente el objetivo de aumentar la competitividad a trav\u00e9s de la informaci\u00f3n sobre la calidad diferenciada de los productos para abrir nuevos mercados.<\/p><p>No es suficiente.<\/p><p><br \/>Es una buena iniciativa, pues todo suma , pero no es suficiente para poder aportar valor diferencial a las marcas adscritas y conseguir realmente un aumento claro de la competitividad de las empresas alimentarias, si se entiende la misma como la mejor disposici\u00f3n para la consecuci\u00f3n de mayores cuotas de mercado y un cambio sustancial en la cuenta de resultados de las empresas andaluzas.<br \/><br \/>El mercado europeo lo mueve, en su mayor parte, las certificaciones alimentarias, especialmente la IFS. Es el requisito que piden las grandes cadenas de distribuci\u00f3n a sus clientes, y las empresas de alimentaci\u00f3n certificadas a sus proveedores. A medio plazo, quien no est\u00e9 certificado solo tendr\u00e1 un mercado local, y residual.<\/p><p>No es suficiente con promover las marcas de alimentaci\u00f3n: promuevan y exijan las certificaciones alimentarias para poder adscribirse, y destinen parte del presupuesto a ayudar a las empresas a conseguirlas. De esta manera, la promoci\u00f3n de las empresas adscritas y la propia marca tendr\u00e1 un valor intr\u00ednseco mayor.<\/p><p>Asegurar que todas las empresas englobadas en la marca \u201cGusto del Sur\u201d cuenten con la garant\u00eda de calidad y seguridad alimentaria que implica estar certificados en IFS multiplicar\u00e1 los resultados de las acciones de promoci\u00f3n de las mismas.<\/p><p>Adem\u00e1s, una gran parte de las pymes agroalimentarias andaluzas desconocen por completo las certificaciones de alimentaci\u00f3n. Empiecen por aqu\u00ed: promuevan su conocimiento y los beneficios de estar certificados.<\/p><p><strong>Seg\u00fan la base de datos de IFS, en Espa\u00f1a hay , a d\u00eda de hoy 4.649 empresas certificadas en IFS Food (industria), de las cuales 729 son andaluzas: el 15%. Los sectores del aceite (44% del total), y de frutas y verduras (25% del total) son los que est\u00e1n en mejores condiciones frente a su competencia nacional. El resto de sectores andaluces suponen \u00fanicamente el 9% de las empresas certificadas.<\/strong><\/p><p><strong>En el Registro de Industrias Agroalimentarias de Andaluc\u00eda hay 6.689 empresas inscritas. Las empresas certificadas suponen el 11% del total.<\/strong><\/p><p>Nos estamos quedando atr\u00e1s en el cumplimiento de los est\u00e1ndares establecidos en un mercado global, pero contamos con una ventaja: el camino ya est\u00e1 trazado.<\/p>\t\t\t\t\t<\/div>\n\t\t\t\t\t\t<\/div>\n\t\t\t\t<\/div>\n\t\t\t\t\t\t<\/div>\n\t\t\t\t\t<\/div>\n\t\t<\/div>\n\t\t\t\t\t\t\t\t<\/div>\n\t\t\t\t\t<\/div>\n\t\t<\/section>\n\t\t\t\t<section class=\"elementor-section elementor-top-section elementor-element elementor-element-ff31d20 elementor-section-boxed elementor-section-height-default elementor-section-height-default\" data-id=\"ff31d20\" data-element_type=\"section\">\n\t\t\t\t\t\t<div class=\"elementor-container elementor-column-gap-default\">\n\t\t\t\t\t\t\t<div class=\"elementor-row\">\n\t\t\t\t\t<div class=\"elementor-column elementor-col-33 elementor-top-column elementor-element elementor-element-6c5b29b\" data-id=\"6c5b29b\" data-element_type=\"column\">\n\t\t\t<div class=\"elementor-column-wrap elementor-element-populated\">\n\t\t\t\t\t\t\t<div class=\"elementor-widget-wrap\">\n\t\t\t\t\t\t<div class=\"elementor-element elementor-element-34f8a83 elementor-widget elementor-widget-image\" data-id=\"34f8a83\" data-element_type=\"widget\" data-widget_type=\"image.default\">\n\t\t\t\t<div class=\"elementor-widget-container\">\n\t\t\t\t\t\t\t\t<div class=\"elementor-image\">\n\t\t\t\t\t\t\t\t\t\t\t\t<img decoding=\"async\" width=\"768\" height=\"1024\" src=\"https:\/\/www.bretema.es\/wp-content\/uploads\/2024\/02\/IMG_2716@0.5x-768x1024.jpg\" class=\"attachment-medium_large size-medium_large wp-image-12749\" alt=\"\" loading=\"lazy\" srcset=\"https:\/\/www.bretema.es\/wp-content\/uploads\/2024\/02\/IMG_2716@0.5x-768x1024.jpg 768w, https:\/\/www.bretema.es\/wp-content\/uploads\/2024\/02\/IMG_2716@0.5x-225x300.jpg 225w, https:\/\/www.bretema.es\/wp-content\/uploads\/2024\/02\/IMG_2716@0.5x-1152x1536.jpg 1152w, https:\/\/www.bretema.es\/wp-content\/uploads\/2024\/02\/IMG_2716@0.5x.jpg 1158w\" sizes=\"(max-width: 768px) 100vw, 768px\" \/>\t\t\t\t\t\t\t\t\t\t\t\t\t\t<\/div>\n\t\t\t\t\t\t<\/div>\n\t\t\t\t<\/div>\n\t\t\t\t\t\t<\/div>\n\t\t\t\t\t<\/div>\n\t\t<\/div>\n\t\t\t\t<div class=\"elementor-column elementor-col-66 elementor-top-column elementor-element elementor-element-a37441f\" data-id=\"a37441f\" data-element_type=\"column\">\n\t\t\t<div class=\"elementor-column-wrap elementor-element-populated\">\n\t\t\t\t\t\t\t<div class=\"elementor-widget-wrap\">\n\t\t\t\t\t\t<div class=\"elementor-element elementor-element-ae08d86 elementor-widget elementor-widget-text-editor\" data-id=\"ae08d86\" data-element_type=\"widget\" data-widget_type=\"text-editor.default\">\n\t\t\t\t<div class=\"elementor-widget-container\">\n\t\t\t\t\t\t\t\t<div class=\"elementor-text-editor elementor-clearfix\">\n\t\t\t\t<p>Joaquin Blanco. Socio Fundador Br\u00e9tema Seguridad Alimentaria<\/p><p><a href=\"https:\/\/www.linkedin.com\/in\/joaquinblancocardenas\/\" target=\"_blank\" rel=\"noopener\">Linkedin<\/a><\/p>\t\t\t\t\t<\/div>\n\t\t\t\t\t\t<\/div>\n\t\t\t\t<\/div>\n\t\t\t\t\t\t<\/div>\n\t\t\t\t\t<\/div>\n\t\t<\/div>\n\t\t\t\t\t\t\t\t<\/div>\n\t\t\t\t\t<\/div>\n\t\t<\/section>\n\t\t\t\t<section class=\"elementor-section elementor-top-section elementor-element elementor-element-795de51 elementor-section-boxed elementor-section-height-default elementor-section-height-default\" data-id=\"795de51\" data-element_type=\"section\">\n\t\t\t\t\t\t<div class=\"elementor-container elementor-column-gap-default\">\n\t\t\t\t\t\t\t<div class=\"elementor-row\">\n\t\t\t\t\t<div class=\"elementor-column elementor-col-100 elementor-top-column elementor-element elementor-element-aee5852\" data-id=\"aee5852\" data-element_type=\"column\">\n\t\t\t<div class=\"elementor-column-wrap elementor-element-populated\">\n\t\t\t\t\t\t\t<div class=\"elementor-widget-wrap\">\n\t\t\t\t\t\t<div class=\"elementor-element elementor-element-71dd08b elementor-widget elementor-widget-spacer\" data-id=\"71dd08b\" data-element_type=\"widget\" data-widget_type=\"spacer.default\">\n\t\t\t\t<div class=\"elementor-widget-container\">\n\t\t\t\t\t<div class=\"elementor-spacer\">\n\t\t\t<div class=\"elementor-spacer-inner\"><\/div>\n\t\t<\/div>\n\t\t\t\t<\/div>\n\t\t\t\t<\/div>\n\t\t\t\t\t\t<\/div>\n\t\t\t\t\t<\/div>\n\t\t<\/div>\n\t\t\t\t\t\t\t\t<\/div>\n\t\t\t\t\t<\/div>\n\t\t<\/section>\n\t\t\t\t<section class=\"elementor-section elementor-top-section elementor-element elementor-element-8acc34d elementor-section-boxed elementor-section-height-default elementor-section-height-default\" data-id=\"8acc34d\" data-element_type=\"section\">\n\t\t\t\t\t\t<div class=\"elementor-container elementor-column-gap-default\">\n\t\t\t\t\t\t\t<div class=\"elementor-row\">\n\t\t\t\t\t<div class=\"elementor-column elementor-col-100 elementor-top-column elementor-element elementor-element-6570d94\" data-id=\"6570d94\" data-element_type=\"column\">\n\t\t\t<div class=\"elementor-column-wrap elementor-element-populated\">\n\t\t\t\t\t\t\t<div class=\"elementor-widget-wrap\">\n\t\t\t\t\t\t<div class=\"elementor-element elementor-element-688ca81 elementor-widget elementor-widget-spacer\" data-id=\"688ca81\" data-element_type=\"widget\" data-widget_type=\"spacer.default\">\n\t\t\t\t<div class=\"elementor-widget-container\">\n\t\t\t\t\t<div class=\"elementor-spacer\">\n\t\t\t<div class=\"elementor-spacer-inner\"><\/div>\n\t\t<\/div>\n\t\t\t\t<\/div>\n\t\t\t\t<\/div>\n\t\t\t\t\t\t<\/div>\n\t\t\t\t\t<\/div>\n\t\t<\/div>\n\t\t\t\t\t\t\t\t<\/div>\n\t\t\t\t\t<\/div>\n\t\t<\/section>\n\t\t\t\t<section class=\"elementor-section elementor-top-section elementor-element elementor-element-24096a2 elementor-section-boxed elementor-section-height-default elementor-section-height-default\" data-id=\"24096a2\" data-element_type=\"section\">\n\t\t\t\t\t\t<div class=\"elementor-container elementor-column-gap-default\">\n\t\t\t\t\t\t\t<div class=\"elementor-row\">\n\t\t\t\t\t<div class=\"elementor-column elementor-col-20 elementor-top-column elementor-element elementor-element-952bba7\" data-id=\"952bba7\" data-element_type=\"column\">\n\t\t\t<div class=\"elementor-column-wrap\">\n\t\t\t\t\t\t\t<div class=\"elementor-widget-wrap\">\n\t\t\t\t\t\t\t\t<\/div>\n\t\t\t\t\t<\/div>\n\t\t<\/div>\n\t\t\t\t<div class=\"elementor-column elementor-col-20 elementor-top-column elementor-element elementor-element-08925f7\" data-id=\"08925f7\" data-element_type=\"column\">\n\t\t\t<div class=\"elementor-column-wrap\">\n\t\t\t\t\t\t\t<div class=\"elementor-widget-wrap\">\n\t\t\t\t\t\t\t\t<\/div>\n\t\t\t\t\t<\/div>\n\t\t<\/div>\n\t\t\t\t<div class=\"elementor-column elementor-col-20 elementor-top-column elementor-element elementor-element-cc1396a\" data-id=\"cc1396a\" data-element_type=\"column\">\n\t\t\t<div class=\"elementor-column-wrap elementor-element-populated\">\n\t\t\t\t\t\t\t<div class=\"elementor-widget-wrap\">\n\t\t\t\t\t\t<div class=\"elementor-element elementor-element-7373db6 elementor-view-default elementor-widget elementor-widget-icon\" data-id=\"7373db6\" data-element_type=\"widget\" data-widget_type=\"icon.default\">\n\t\t\t\t<div class=\"elementor-widget-container\">\n\t\t\t\t\t<div class=\"elementor-icon-wrapper\">\n\t\t\t<a class=\"elementor-icon\" href=\"https:\/\/www.bretema.es\/index.php\/noticias\">\n\t\t\t<i aria-hidden=\"true\" class=\"fas fa-arrow-alt-circle-left\"><\/i>\t\t\t<\/a>\n\t\t<\/div>\n\t\t\t\t<\/div>\n\t\t\t\t<\/div>\n\t\t\t\t\t\t<\/div>\n\t\t\t\t\t<\/div>\n\t\t<\/div>\n\t\t\t\t<div class=\"elementor-column elementor-col-20 elementor-top-column elementor-element elementor-element-e832bca\" data-id=\"e832bca\" data-element_type=\"column\">\n\t\t\t<div class=\"elementor-column-wrap\">\n\t\t\t\t\t\t\t<div class=\"elementor-widget-wrap\">\n\t\t\t\t\t\t\t\t<\/div>\n\t\t\t\t\t<\/div>\n\t\t<\/div>\n\t\t\t\t<div class=\"elementor-column elementor-col-20 elementor-top-column elementor-element elementor-element-0620b53\" data-id=\"0620b53\" data-element_type=\"column\">\n\t\t\t<div class=\"elementor-column-wrap\">\n\t\t\t\t\t\t\t<div class=\"elementor-widget-wrap\">\n\t\t\t\t\t\t\t\t<\/div>\n\t\t\t\t\t<\/div>\n\t\t<\/div>\n\t\t\t\t\t\t\t\t<\/div>\n\t\t\t\t\t<\/div>\n\t\t<\/section>\n\t\t\t\t<section class=\"elementor-section elementor-top-section elementor-element elementor-element-8f0d8b2 elementor-section-boxed elementor-section-height-default elementor-section-height-default\" data-id=\"8f0d8b2\" data-element_type=\"section\">\n\t\t\t\t\t\t<div class=\"elementor-container elementor-column-gap-default\">\n\t\t\t\t\t\t\t<div class=\"elementor-row\">\n\t\t\t\t\t<div class=\"elementor-column elementor-col-100 elementor-top-column elementor-element elementor-element-cc346c2\" data-id=\"cc346c2\" data-element_type=\"column\">\n\t\t\t<div class=\"elementor-column-wrap\">\n\t\t\t\t\t\t\t<div class=\"elementor-widget-wrap\">\n\t\t\t\t\t\t\t\t<\/div>\n\t\t\t\t\t<\/div>\n\t\t<\/div>\n\t\t\t\t\t\t\t\t<\/div>\n\t\t\t\t\t<\/div>\n\t\t<\/section>\n\t\t\t\t\t\t\t\t\t<\/div>\n\t\t\t<\/div>\n\t\t\t\t\t<\/div>\n\t\t","protected":false},"excerpt":{"rendered":"<p>Gusto del Sur La reciente puesta en marcha de la marca \u00abGusto del Sur\u00bb promueve esta breve reflexi\u00f3n sobre la necesidad de mejorar los valores de la marca para las empresas que se adscriban, y la oportunidad de aumentar la competitividad real de las empresas agroalimentarias andaluzas. Art\u00edculo de pr\u00f3xima publicaci\u00f3n en la memoria anual &hellip;<\/p>\n<p class=\"read-more\"> <a class=\"\" href=\"https:\/\/www.bretema.es\/index.php\/2024\/02\/27\/reflexion-sobre-la-nueva-marca-gusto-del-sur\/\"> <span class=\"screen-reader-text\">Reflexi\u00f3n sobre la nueva marca \u00abGusto del Sur\u00bb<\/span> Leer m\u00e1s \u00bb<\/a><\/p>\n","protected":false},"author":1,"featured_media":12739,"comment_status":"closed","ping_status":"closed","sticky":false,"template":"elementor_header_footer","format":"standard","meta":{"_mi_skip_tracking":false,"site-sidebar-layout":"default","site-content-layout":"default","ast-main-header-display":"","ast-hfb-above-header-display":"","ast-hfb-below-header-display":"","ast-hfb-mobile-header-display":"","site-post-title":"","ast-breadcrumbs-content":"","ast-featured-img":"","footer-sml-layout":"","theme-transparent-header-meta":"default","adv-header-id-meta":"","stick-header-meta":"default","header-above-stick-meta":"","header-main-stick-meta":"","header-below-stick-meta":""},"categories":[23],"tags":[59,88,58,89],"_links":{"self":[{"href":"https:\/\/www.bretema.es\/index.php\/wp-json\/wp\/v2\/posts\/12737"}],"collection":[{"href":"https:\/\/www.bretema.es\/index.php\/wp-json\/wp\/v2\/posts"}],"about":[{"href":"https:\/\/www.bretema.es\/index.php\/wp-json\/wp\/v2\/types\/post"}],"author":[{"embeddable":true,"href":"https:\/\/www.bretema.es\/index.php\/wp-json\/wp\/v2\/users\/1"}],"replies":[{"embeddable":true,"href":"https:\/\/www.bretema.es\/index.php\/wp-json\/wp\/v2\/comments?post=12737"}],"version-history":[{"count":17,"href":"https:\/\/www.bretema.es\/index.php\/wp-json\/wp\/v2\/posts\/12737\/revisions"}],"predecessor-version":[{"id":12758,"href":"https:\/\/www.bretema.es\/index.php\/wp-json\/wp\/v2\/posts\/12737\/revisions\/12758"}],"wp:featuredmedia":[{"embeddable":true,"href":"https:\/\/www.bretema.es\/index.php\/wp-json\/wp\/v2\/media\/12739"}],"wp:attachment":[{"href":"https:\/\/www.bretema.es\/index.php\/wp-json\/wp\/v2\/media?parent=12737"}],"wp:term":[{"taxonomy":"category","embeddable":true,"href":"https:\/\/www.bretema.es\/index.php\/wp-json\/wp\/v2\/categories?post=12737"},{"taxonomy":"post_tag","embeddable":true,"href":"https:\/\/www.bretema.es\/index.php\/wp-json\/wp\/v2\/tags?post=12737"}],"curies":[{"name":"wp","href":"https:\/\/api.w.org\/{rel}","templated":true}]}}