{"id":11186,"date":"2023-06-04T10:03:50","date_gmt":"2023-06-04T08:03:50","guid":{"rendered":"https:\/\/www.bretema.es\/?p=11186"},"modified":"2023-06-04T11:07:14","modified_gmt":"2023-06-04T09:07:14","slug":"tribuna-de-andalucia","status":"publish","type":"post","link":"https:\/\/www.bretema.es\/index.php\/2023\/06\/04\/tribuna-de-andalucia\/","title":{"rendered":"Entrevista en Tribuna de Andaluc\u00eda"},"content":{"rendered":"\t\t<div data-elementor-type=\"wp-post\" data-elementor-id=\"11186\" class=\"elementor elementor-11186\">\n\t\t\t\t\t\t<div class=\"elementor-inner\">\n\t\t\t\t<div class=\"elementor-section-wrap\">\n\t\t\t\t\t\t\t\t\t<section class=\"elementor-section elementor-top-section elementor-element elementor-element-1edbab5 elementor-section-boxed elementor-section-height-default elementor-section-height-default\" data-id=\"1edbab5\" data-element_type=\"section\">\n\t\t\t\t\t\t<div class=\"elementor-container elementor-column-gap-default\">\n\t\t\t\t\t\t\t<div class=\"elementor-row\">\n\t\t\t\t\t<div class=\"elementor-column elementor-col-100 elementor-top-column elementor-element elementor-element-d0b5772\" data-id=\"d0b5772\" data-element_type=\"column\">\n\t\t\t<div class=\"elementor-column-wrap elementor-element-populated\">\n\t\t\t\t\t\t\t<div class=\"elementor-widget-wrap\">\n\t\t\t\t\t\t<div class=\"elementor-element elementor-element-322a744 elementor-widget elementor-widget-heading\" data-id=\"322a744\" data-element_type=\"widget\" data-widget_type=\"heading.default\">\n\t\t\t\t<div class=\"elementor-widget-container\">\n\t\t\t<h2 class=\"elementor-heading-title elementor-size-default\"># Entrevista en \"Tribuna de Andaluc\u00eda\" <\/h2>\t\t<\/div>\n\t\t\t\t<\/div>\n\t\t\t\t\t\t<\/div>\n\t\t\t\t\t<\/div>\n\t\t<\/div>\n\t\t\t\t\t\t\t\t<\/div>\n\t\t\t\t\t<\/div>\n\t\t<\/section>\n\t\t\t\t<section class=\"elementor-section elementor-top-section elementor-element elementor-element-u1otbfu elementor-section-height-min-height elementor-section-boxed elementor-section-height-default elementor-section-items-middle\" data-id=\"u1otbfu\" data-element_type=\"section\" data-settings=\"{&quot;background_background&quot;:&quot;classic&quot;}\">\n\t\t\t\t\t\t<div class=\"elementor-container elementor-column-gap-default\">\n\t\t\t\t\t\t\t<div class=\"elementor-row\">\n\t\t\t\t\t<div class=\"elementor-column elementor-col-100 elementor-top-column elementor-element elementor-element-b3a35f8\" data-id=\"b3a35f8\" data-element_type=\"column\">\n\t\t\t<div class=\"elementor-column-wrap elementor-element-populated\">\n\t\t\t\t\t\t\t<div class=\"elementor-widget-wrap\">\n\t\t\t\t\t\t<div class=\"elementor-element elementor-element-32eb271 elementor-widget elementor-widget-heading\" data-id=\"32eb271\" data-element_type=\"widget\" data-widget_type=\"heading.default\">\n\t\t\t\t<div class=\"elementor-widget-container\">\n\t\t\t<h1 class=\"elementor-heading-title elementor-size-default\">BR\u00c9TEMA = BLOG<\/h1>\t\t<\/div>\n\t\t\t\t<\/div>\n\t\t\t\t\t\t<\/div>\n\t\t\t\t\t<\/div>\n\t\t<\/div>\n\t\t\t\t\t\t\t\t<\/div>\n\t\t\t\t\t<\/div>\n\t\t<\/section>\n\t\t\t\t<section class=\"elementor-section elementor-top-section elementor-element elementor-element-2d2a7a8 elementor-section-boxed elementor-section-height-default elementor-section-height-default\" data-id=\"2d2a7a8\" data-element_type=\"section\">\n\t\t\t\t\t\t<div class=\"elementor-container elementor-column-gap-default\">\n\t\t\t\t\t\t\t<div class=\"elementor-row\">\n\t\t\t\t\t<div class=\"elementor-column elementor-col-100 elementor-top-column elementor-element elementor-element-a5fade7\" data-id=\"a5fade7\" data-element_type=\"column\">\n\t\t\t<div class=\"elementor-column-wrap elementor-element-populated\">\n\t\t\t\t\t\t\t<div class=\"elementor-widget-wrap\">\n\t\t\t\t\t\t<div class=\"elementor-element elementor-element-52fe340 elementor-widget elementor-widget-spacer\" data-id=\"52fe340\" data-element_type=\"widget\" data-widget_type=\"spacer.default\">\n\t\t\t\t<div class=\"elementor-widget-container\">\n\t\t\t\t\t<div class=\"elementor-spacer\">\n\t\t\t<div class=\"elementor-spacer-inner\"><\/div>\n\t\t<\/div>\n\t\t\t\t<\/div>\n\t\t\t\t<\/div>\n\t\t\t\t\t\t<\/div>\n\t\t\t\t\t<\/div>\n\t\t<\/div>\n\t\t\t\t\t\t\t\t<\/div>\n\t\t\t\t\t<\/div>\n\t\t<\/section>\n\t\t\t\t<section class=\"elementor-section elementor-top-section elementor-element elementor-element-db649c5 elementor-section-boxed elementor-section-height-default elementor-section-height-default\" data-id=\"db649c5\" data-element_type=\"section\">\n\t\t\t\t\t\t<div class=\"elementor-container elementor-column-gap-default\">\n\t\t\t\t\t\t\t<div class=\"elementor-row\">\n\t\t\t\t\t<div class=\"elementor-column elementor-col-100 elementor-top-column elementor-element elementor-element-3aa5d95\" data-id=\"3aa5d95\" data-element_type=\"column\">\n\t\t\t<div class=\"elementor-column-wrap elementor-element-populated\">\n\t\t\t\t\t\t\t<div class=\"elementor-widget-wrap\">\n\t\t\t\t\t\t<div class=\"elementor-element elementor-element-9dde05f elementor-widget elementor-widget-heading\" data-id=\"9dde05f\" data-element_type=\"widget\" data-widget_type=\"heading.default\">\n\t\t\t\t<div class=\"elementor-widget-container\">\n\t\t\t<h2 class=\"elementor-heading-title elementor-size-default\">TRIBUNA DE ANDALUC\u00cdA<\/h2>\t\t<\/div>\n\t\t\t\t<\/div>\n\t\t\t\t<div class=\"elementor-element elementor-element-8a4321f elementor-widget elementor-widget-spacer\" data-id=\"8a4321f\" data-element_type=\"widget\" data-widget_type=\"spacer.default\">\n\t\t\t\t<div class=\"elementor-widget-container\">\n\t\t\t\t\t<div class=\"elementor-spacer\">\n\t\t\t<div class=\"elementor-spacer-inner\"><\/div>\n\t\t<\/div>\n\t\t\t\t<\/div>\n\t\t\t\t<\/div>\n\t\t\t\t\t\t<\/div>\n\t\t\t\t\t<\/div>\n\t\t<\/div>\n\t\t\t\t\t\t\t\t<\/div>\n\t\t\t\t\t<\/div>\n\t\t<\/section>\n\t\t\t\t<section class=\"elementor-section elementor-top-section elementor-element elementor-element-2fa8f09 elementor-section-boxed elementor-section-height-default elementor-section-height-default\" data-id=\"2fa8f09\" data-element_type=\"section\">\n\t\t\t\t\t\t<div class=\"elementor-container elementor-column-gap-default\">\n\t\t\t\t\t\t\t<div class=\"elementor-row\">\n\t\t\t\t\t<div class=\"elementor-column elementor-col-100 elementor-top-column elementor-element elementor-element-9536a40\" data-id=\"9536a40\" data-element_type=\"column\">\n\t\t\t<div class=\"elementor-column-wrap elementor-element-populated\">\n\t\t\t\t\t\t\t<div class=\"elementor-widget-wrap\">\n\t\t\t\t\t\t<div class=\"elementor-element elementor-element-db6024a elementor-widget elementor-widget-text-editor\" data-id=\"db6024a\" data-element_type=\"widget\" data-widget_type=\"text-editor.default\">\n\t\t\t\t<div class=\"elementor-widget-container\">\n\t\t\t\t\t\t\t\t<div class=\"elementor-text-editor elementor-clearfix\">\n\t\t\t\t<p>Nos publican una entrevista en el especial agroalimentario de Tribuna de Andaluc\u00eda.<br \/><br \/>Hablamos de\u00a0<a href=\"https:\/\/www.linkedin.com\/company\/bretema\/\" data-attribute-index=\"0\" data-entity-type=\"MINI_COMPANY\">Br\u00e9tema Seguridad Alimentaria\u00a0<\/a>, el desconocimiento general de muchas empresas de alimentaci\u00f3n sobre la normativa que le aplica, nuestro apoyo t\u00e9cnico a empresas que importan y exportan alimentos , y nuestra labor altruista en la\u00a0<a href=\"https:\/\/www.linkedin.com\/company\/banco-de-alimentos-de-sevilla\/\" data-attribute-index=\"2\" data-entity-type=\"MINI_COMPANY\">Fundaci\u00f3n Banco de Alimentos de Sevilla<\/a>.<\/p>\t\t\t\t\t<\/div>\n\t\t\t\t\t\t<\/div>\n\t\t\t\t<\/div>\n\t\t\t\t\t\t<\/div>\n\t\t\t\t\t<\/div>\n\t\t<\/div>\n\t\t\t\t\t\t\t\t<\/div>\n\t\t\t\t\t<\/div>\n\t\t<\/section>\n\t\t\t\t<section class=\"elementor-section elementor-top-section elementor-element elementor-element-29f8d11 elementor-section-boxed elementor-section-height-default elementor-section-height-default\" data-id=\"29f8d11\" data-element_type=\"section\">\n\t\t\t\t\t\t<div class=\"elementor-container elementor-column-gap-default\">\n\t\t\t\t\t\t\t<div class=\"elementor-row\">\n\t\t\t\t\t<div class=\"elementor-column elementor-col-100 elementor-top-column elementor-element elementor-element-0c02f22\" data-id=\"0c02f22\" data-element_type=\"column\">\n\t\t\t<div class=\"elementor-column-wrap elementor-element-populated\">\n\t\t\t\t\t\t\t<div class=\"elementor-widget-wrap\">\n\t\t\t\t\t\t<div class=\"elementor-element elementor-element-f507b62 elementor-widget elementor-widget-text-editor\" data-id=\"f507b62\" data-element_type=\"widget\" data-widget_type=\"text-editor.default\">\n\t\t\t\t<div class=\"elementor-widget-container\">\n\t\t\t\t\t\t\t\t<div class=\"elementor-text-editor elementor-clearfix\">\n\t\t\t\t<div class=\"page\" title=\"Page 1\"><div class=\"layoutArea\"><div class=\"column\"><p><strong>P: \u00bfQue\u0301 es Bre\u0301tema Seguridad Alimentaria?<\/strong><\/p><p>Br\u00e9tema es una empresa de asesoramiento en calidad y seguridad alimentaria y medioambiente. Somos t\u00e9cnicos especialistas en alimentaci\u00f3n y nuestro equipo t\u00e9cnico est\u00e1 muy cualificado y est\u00e1 conformado por, principalmente, profesionales licenciados en veterinaria y farmacia.<\/p><p>Nuestra labor consiste en realizar un trabajo completo a la empresa de alimentaci\u00f3n, desde la m\u00e1s peque\u00f1a hasta la m\u00e1s grande. Es decir, desde lo que necesita por normativa un minorista de frutas, que fundamentalmente es documentar un sistema de autocontrol y asistirle a posibles inspecciones de sanidad, hasta los proyectos m\u00e1s complejos y que requieren de una mayor experiencia, como son la implantaci\u00f3n y las auditor\u00edas de los sistemas de gesti\u00f3n de la seguridad alimentaria certificables por tercera parte\u00a0 a nivel internacional, como son la <strong>IFS y la BRC.<\/strong><\/p><p><b>P: En este sentido, \u00bfson la legislaci\u00f3n espa\u00f1ola y la andaluza estrictas?<\/b><\/p><p>S\u00ed.\u00a0<\/p><p>Al final, la legislaci\u00f3n andaluza y la espa\u00f1ola son tambi\u00e9n la legislaci\u00f3n europea. Es decir, que la legislaci\u00f3n en materia de alimentaci\u00f3n es com\u00fan.\u00a0<\/p><p>Si bien es bastante estricta, me gustar\u00eda hacer una diferencia entre la normativa de obligado cumplimiento en materia de sanidad y los requisitos que exigen las certificaciones de seguridad alimentaria, que van much\u00edsimo m\u00e1s all\u00e1 de los m\u00ednimos que exige la legislaci\u00f3n europea para una empresa de alimentaci\u00f3n. En otras palabras, la certificaci\u00f3n en seguridad alimentaria, al ser un proceso voluntario, puede exigir mucho y, de hecho, est\u00e1 conformado por sistemas de gesti\u00f3n de la calidad y la seguridad alimentaria.\u00a0<\/p><p>Por su parte, la legislaci\u00f3n de alimentaci\u00f3n es muy estricta, extensa y est\u00e1 en continua evoluci\u00f3n, pero la exigencia en su aplicaci\u00f3n depende de las comunidades aut\u00f3nomas o incluso de los ayuntamientos. Por ejemplo, las empresas de alimentaci\u00f3n que est\u00e1n en Sevilla son auditadas, por as\u00ed decirlo, por el servicio del Ayuntamiento de Sevilla. Es por esta raz\u00f3n por la que, a pesar de lo que recoge la legislaci\u00f3n, pasan cosas que no deber\u00edan pasar.\u00a0<\/p><p>En efecto, muchas empresas de alimentaci\u00f3n desconocen la normativa en esta materia, puesto que, en el proceso de puesta en funcionamiento de una empresa en el sector, no se exige el documento fehaciente de tener sistemas de gesti\u00f3n de seguridad alimentaria, sino que va normalmente por declaraci\u00f3n responsable y las empresas de alimentaci\u00f3n suelen hacer esto a trav\u00e9s de gestor\u00edas que desconocen plenamente la normativa.<\/p><div class=\"page\" title=\"Page 1\"><div class=\"layoutArea\"><div class=\"column\"><p><strong>P: Esto supone un gran peligro para el consumidor. Al final, estamos hablando de un tema, como es la alimentacio\u0301n, que nos afecta a todos.<\/strong><\/p><div class=\"page\" title=\"Page 1\"><div class=\"layoutArea\"><div class=\"column\"><p>Si\u0301.<\/p><p>Aparentemente no hay peligros, pero podri\u0301amos afirmar que siempre los hay cuando hablamos de alimentos porque son productos que pueden ponerse malos o contaminar. No obstante, es cierto que hay un <span style=\"font-size: 16px;\">sinfi\u0301n de empresas que, pese a no tener un conocimiento estricto sobre la normativa, no generan peligro. Adema\u0301s, hay que sen\u0303alar que la legislacio\u0301n alimentaria engloba tambie\u0301n los fraudes y fallos en el etiquetado, asi\u0301 como algu\u0301n tipo de procedimiento que no desarrolla en si\u0301 mismo un peligro frente a los propios alimentos. <\/span><\/p><p><span style=\"font-size: 16px;\">E<\/span><span style=\"font-size: 16px;\">n este sentido, los derechos de los consumidores esta\u0301n muy protegidos a nivel europeo. De hecho, desconocer la legislacio\u0301n o no contar con asesores que conozcan la legislacio\u0301n no solo provee de peligros al consumidor, sino que peligra a la propia gestio\u0301n empresarial. Es, al final, una mala poli\u0301tica empresarial porque, independientemente de q<\/span><span style=\"font-size: 16px;\">ue para el alta de una empresa de alimentacio\u0301n no se exija, eso no quita que toda empresa, en un momento dado, sea auditada por los inspectores de sanidad. <\/span><\/p><p><strong><span style=\"font-size: 16px;\">En efecto, no hacer las cosas bien puede generar graves problemas econo\u0301micos, financieros o de gestio\u0301n empresarial porque se puede llegar a cerrar una empresa, se ponen multas o se puede obligar a cambiar instalaciones, entre otras puniciones.<\/span><\/strong><\/p><div class=\"page\" title=\"Page 1\"><div class=\"layoutArea\"><div class=\"column\"><div class=\"page\" title=\"Page 1\"><div class=\"layoutArea\"><div class=\"column\"><p>Es en este sentido, para evitar las sanciones por desconocimiento, en el cual nosotros ofrecemos nuestros servicios. Abogamos por la necesidad de que las empresas de alimentacio\u0301n presten la atencio\u0301n necesaria, no solo a la legislacio\u0301n, sino tambie\u0301n a la calidad y la seguridad alimentaria. Y es que, en definitiva, las certificaciones de seguridad alimentaria, en nuestra experiencia en Andaluci\u0301a, se implantan por exigencia, no por iniciativa propia. Es decir, solo si las empresas tienen la oportunidad de exportar o poder introducir sus productos en los grandes lineales de la distribucio\u0301n, como Aldi, se adecu\u0301an a los esta\u0301ndares de seguridad alimentaria exigibles por esos futuros clientes.<\/p><p><strong>P: \u00bfC\u00f3mo es el control alimentario en t\u00e9rminos de importaciones y exportaciones?<\/strong><\/p><p>Los controles alimentarios son muy estrictos a nivel de importaciones y exportaciones. En concreto, a la empresa andaluza le afecta de manera especial la importaci\u00f3n porque es la que controlamos desde Espa\u00f1a, por as\u00ed decirlo. Existen cuatro tipos de controles veterinarios de alimentaci\u00f3n en aduanas que no dejan pasar ni una, un hecho que muchas empresas tambi\u00e9n desconocen.<\/p><p>En nuestro caso, somos expertos en procesos de importaci\u00f3n de alimentos porque el alimento cuando entra en la Uni\u00f3n Europea debe cumplir la extensa legislaci\u00f3n europea en todos los aspectos. Por ejemplo, se debe tener en cuenta que el terri- torio com\u00fan de la UE no recoge Inglaterra, sino que este es considerado un tercer pa\u00eds y como tal, tiene que cumplir la normativa. Tambi\u00e9n, por ejemplo, se debe contar con que, si el alimento viene para su consumo final, ha de estar correctamente etiquetado desde origen con la etiqueta que se exige en Espa\u00f1a, que es la misma en relaci\u00f3n a la informaci\u00f3n que debe contener el europeo, pero en castellano.<\/p><p>Adem\u00e1s, cabe destacar que en la UE cuenta con una larga lista de alimentos que s\u00ed se pueden consumir, pero los excluidos no pueden ser importados. En materia de exportaci\u00f3n, existe una normativa a nivel europeo, pero a su vez uno ha de adecuarse a la normativa espec\u00edfica del pa\u00eds. Por ejemplo, en Espa\u00f1a no puedes denominar jam\u00f3n ib\u00e9rico a uno que procede de Alemania. Esto es lo que se conoce como la denominaci\u00f3n de origen protegida. Por tanto, cuando exportas tienes que conocer fundamentalmente los requisitos legales del producto y los requisitos de eti- quetado. En resumen, aplicar la normativa no es complicado, solo se ha de conocerla bien para no caer en el error, pues puede conllevar graves consecuencias.<\/p><\/div><\/div><\/div><\/div><\/div><\/div><\/div><\/div><\/div><\/div><div class=\"page\" title=\"Page 1\"><div class=\"layoutArea\"><div class=\"column\"><p><strong>P: En cuanto a la labor altruista, \u00bfque\u0301 nos puede contar de su colaboracio\u0301n con el Banco de Alimentos?<\/strong><\/p><p>Somos, con mucho gusto, colaboradores del Banco de Alimentos de Sevilla.<\/p><p>A ra\u00edz de la pandemia, quisimos echar una mano y nos acercamos al Banco de Alimentos. All\u00ed vimos que ten\u00edan necesidades con relaci\u00f3n a la seguridad alimentaria de los almacenes y de las donaciones. No contaban con un departamento, un equipo o una persona que les pudiera ayudar a tener un control sobre los alimentos en relaci\u00f3n con la trazabilidad, el mantenimiento, el registro o la c\u00e1mara, entre otros.<\/p><p>Asimismo, les ayudamos a tener todo en orden para las posibles inspecciones de sanidad que tengan en su complejo de Mercasevilla, as\u00ed como les ofrecemos nuestra ayuda para cualquier duda que tengan. Por ejemplo, actualmente estamos tratando con ellos la nueva normativa sobre el desperdicio de alimentos. Dentro de esta normativa est\u00e1 recogida la donaci\u00f3n a ONG, como el Banco de Alimentos, lo que est\u00e1 generando un mayor volumen de donaciones y, por tanto, los esfuerzos puestos sobre el control y la seguridad de los alimentos han de ser mayores.<\/p><\/div><\/div><\/div><\/div><\/div><\/div><\/div><\/div>\t\t\t\t\t<\/div>\n\t\t\t\t\t\t<\/div>\n\t\t\t\t<\/div>\n\t\t\t\t\t\t<\/div>\n\t\t\t\t\t<\/div>\n\t\t<\/div>\n\t\t\t\t\t\t\t\t<\/div>\n\t\t\t\t\t<\/div>\n\t\t<\/section>\n\t\t\t\t<section class=\"elementor-section elementor-top-section elementor-element elementor-element-f5112b2 elementor-section-boxed elementor-section-height-default elementor-section-height-default\" data-id=\"f5112b2\" data-element_type=\"section\">\n\t\t\t\t\t\t<div class=\"elementor-container elementor-column-gap-default\">\n\t\t\t\t\t\t\t<div class=\"elementor-row\">\n\t\t\t\t\t<div class=\"elementor-column elementor-col-50 elementor-top-column elementor-element elementor-element-09d2c5e\" data-id=\"09d2c5e\" data-element_type=\"column\">\n\t\t\t<div class=\"elementor-column-wrap elementor-element-populated\">\n\t\t\t\t\t\t\t<div class=\"elementor-widget-wrap\">\n\t\t\t\t\t\t<div class=\"elementor-element elementor-element-4190db7 elementor-widget elementor-widget-image\" data-id=\"4190db7\" data-element_type=\"widget\" data-widget_type=\"image.default\">\n\t\t\t\t<div class=\"elementor-widget-container\">\n\t\t\t\t\t\t\t\t<div class=\"elementor-image\">\n\t\t\t\t\t\t\t\t\t\t\t\t\t<a href=\"https:\/\/www.bretema.es\/wp-content\/uploads\/2023\/06\/entrevista-tribuna-de-andalucia.pdf\" target=\"_blank\">\n\t\t\t\t\t\t\t<img decoding=\"async\" width=\"724\" height=\"1024\" src=\"https:\/\/www.bretema.es\/wp-content\/uploads\/2023\/06\/entrevista-tribuna-de-andalucia-724x1024.jpg\" class=\"attachment-large size-large wp-image-11192\" alt=\"\" loading=\"lazy\" srcset=\"https:\/\/www.bretema.es\/wp-content\/uploads\/2023\/06\/entrevista-tribuna-de-andalucia-724x1024.jpg 724w, https:\/\/www.bretema.es\/wp-content\/uploads\/2023\/06\/entrevista-tribuna-de-andalucia-212x300.jpg 212w, https:\/\/www.bretema.es\/wp-content\/uploads\/2023\/06\/entrevista-tribuna-de-andalucia-768x1087.jpg 768w, https:\/\/www.bretema.es\/wp-content\/uploads\/2023\/06\/entrevista-tribuna-de-andalucia-1085x1536.jpg 1085w, https:\/\/www.bretema.es\/wp-content\/uploads\/2023\/06\/entrevista-tribuna-de-andalucia-1447x2048.jpg 1447w, https:\/\/www.bretema.es\/wp-content\/uploads\/2023\/06\/entrevista-tribuna-de-andalucia-scaled.jpg 1809w\" sizes=\"(max-width: 724px) 100vw, 724px\" \/>\t\t\t\t\t\t\t\t<\/a>\n\t\t\t\t\t\t\t\t\t\t\t\t\t\t<\/div>\n\t\t\t\t\t\t<\/div>\n\t\t\t\t<\/div>\n\t\t\t\t\t\t<\/div>\n\t\t\t\t\t<\/div>\n\t\t<\/div>\n\t\t\t\t<div class=\"elementor-column elementor-col-50 elementor-top-column elementor-element elementor-element-df26f32\" data-id=\"df26f32\" data-element_type=\"column\">\n\t\t\t<div class=\"elementor-column-wrap elementor-element-populated\">\n\t\t\t\t\t\t\t<div class=\"elementor-widget-wrap\">\n\t\t\t\t\t\t<div class=\"elementor-element elementor-element-0b6e752 elementor-widget elementor-widget-image\" data-id=\"0b6e752\" data-element_type=\"widget\" data-widget_type=\"image.default\">\n\t\t\t\t<div class=\"elementor-widget-container\">\n\t\t\t\t\t\t\t\t<div class=\"elementor-image\">\n\t\t\t\t\t\t\t\t\t\t\t\t\t<a href=\"https:\/\/www.tribunadeandalucia.es\/joaquin-blanco-cardenas-las-certificaciones-de-seguridad-alimentaria-se-implantan-por-exigencia-no-por-iniciativa-propia\/\" target=\"_blank\">\n\t\t\t\t\t\t\t<img decoding=\"async\" width=\"400\" height=\"400\" src=\"https:\/\/www.bretema.es\/wp-content\/uploads\/2023\/06\/logos_colaboracion_400px_tribuna-andalucia.jpg\" class=\"attachment-large size-large wp-image-11187\" alt=\"\" loading=\"lazy\" srcset=\"https:\/\/www.bretema.es\/wp-content\/uploads\/2023\/06\/logos_colaboracion_400px_tribuna-andalucia.jpg 400w, https:\/\/www.bretema.es\/wp-content\/uploads\/2023\/06\/logos_colaboracion_400px_tribuna-andalucia-300x300.jpg 300w, https:\/\/www.bretema.es\/wp-content\/uploads\/2023\/06\/logos_colaboracion_400px_tribuna-andalucia-150x150.jpg 150w\" sizes=\"(max-width: 400px) 100vw, 400px\" \/>\t\t\t\t\t\t\t\t<\/a>\n\t\t\t\t\t\t\t\t\t\t\t\t\t\t<\/div>\n\t\t\t\t\t\t<\/div>\n\t\t\t\t<\/div>\n\t\t\t\t\t\t<\/div>\n\t\t\t\t\t<\/div>\n\t\t<\/div>\n\t\t\t\t\t\t\t\t<\/div>\n\t\t\t\t\t<\/div>\n\t\t<\/section>\n\t\t\t\t<section class=\"elementor-section elementor-top-section elementor-element elementor-element-795de51 elementor-section-boxed elementor-section-height-default elementor-section-height-default\" data-id=\"795de51\" data-element_type=\"section\">\n\t\t\t\t\t\t<div class=\"elementor-container elementor-column-gap-default\">\n\t\t\t\t\t\t\t<div class=\"elementor-row\">\n\t\t\t\t\t<div class=\"elementor-column elementor-col-100 elementor-top-column elementor-element elementor-element-aee5852\" data-id=\"aee5852\" data-element_type=\"column\">\n\t\t\t<div class=\"elementor-column-wrap elementor-element-populated\">\n\t\t\t\t\t\t\t<div class=\"elementor-widget-wrap\">\n\t\t\t\t\t\t<div class=\"elementor-element elementor-element-71dd08b elementor-widget elementor-widget-spacer\" data-id=\"71dd08b\" data-element_type=\"widget\" data-widget_type=\"spacer.default\">\n\t\t\t\t<div class=\"elementor-widget-container\">\n\t\t\t\t\t<div class=\"elementor-spacer\">\n\t\t\t<div class=\"elementor-spacer-inner\"><\/div>\n\t\t<\/div>\n\t\t\t\t<\/div>\n\t\t\t\t<\/div>\n\t\t\t\t\t\t<\/div>\n\t\t\t\t\t<\/div>\n\t\t<\/div>\n\t\t\t\t\t\t\t\t<\/div>\n\t\t\t\t\t<\/div>\n\t\t<\/section>\n\t\t\t\t<section class=\"elementor-section elementor-top-section elementor-element elementor-element-8acc34d elementor-section-boxed elementor-section-height-default elementor-section-height-default\" data-id=\"8acc34d\" data-element_type=\"section\">\n\t\t\t\t\t\t<div class=\"elementor-container elementor-column-gap-default\">\n\t\t\t\t\t\t\t<div class=\"elementor-row\">\n\t\t\t\t\t<div class=\"elementor-column elementor-col-100 elementor-top-column elementor-element elementor-element-6570d94\" data-id=\"6570d94\" data-element_type=\"column\">\n\t\t\t<div class=\"elementor-column-wrap elementor-element-populated\">\n\t\t\t\t\t\t\t<div class=\"elementor-widget-wrap\">\n\t\t\t\t\t\t<div class=\"elementor-element elementor-element-688ca81 elementor-widget elementor-widget-spacer\" data-id=\"688ca81\" data-element_type=\"widget\" data-widget_type=\"spacer.default\">\n\t\t\t\t<div class=\"elementor-widget-container\">\n\t\t\t\t\t<div class=\"elementor-spacer\">\n\t\t\t<div class=\"elementor-spacer-inner\"><\/div>\n\t\t<\/div>\n\t\t\t\t<\/div>\n\t\t\t\t<\/div>\n\t\t\t\t\t\t<\/div>\n\t\t\t\t\t<\/div>\n\t\t<\/div>\n\t\t\t\t\t\t\t\t<\/div>\n\t\t\t\t\t<\/div>\n\t\t<\/section>\n\t\t\t\t<section class=\"elementor-section elementor-top-section elementor-element elementor-element-24096a2 elementor-section-boxed elementor-section-height-default elementor-section-height-default\" data-id=\"24096a2\" data-element_type=\"section\">\n\t\t\t\t\t\t<div class=\"elementor-container elementor-column-gap-default\">\n\t\t\t\t\t\t\t<div class=\"elementor-row\">\n\t\t\t\t\t<div class=\"elementor-column elementor-col-20 elementor-top-column elementor-element elementor-element-952bba7\" data-id=\"952bba7\" data-element_type=\"column\">\n\t\t\t<div class=\"elementor-column-wrap\">\n\t\t\t\t\t\t\t<div class=\"elementor-widget-wrap\">\n\t\t\t\t\t\t\t\t<\/div>\n\t\t\t\t\t<\/div>\n\t\t<\/div>\n\t\t\t\t<div class=\"elementor-column elementor-col-20 elementor-top-column elementor-element elementor-element-08925f7\" data-id=\"08925f7\" data-element_type=\"column\">\n\t\t\t<div class=\"elementor-column-wrap\">\n\t\t\t\t\t\t\t<div class=\"elementor-widget-wrap\">\n\t\t\t\t\t\t\t\t<\/div>\n\t\t\t\t\t<\/div>\n\t\t<\/div>\n\t\t\t\t<div class=\"elementor-column elementor-col-20 elementor-top-column elementor-element elementor-element-cc1396a\" data-id=\"cc1396a\" data-element_type=\"column\">\n\t\t\t<div class=\"elementor-column-wrap elementor-element-populated\">\n\t\t\t\t\t\t\t<div class=\"elementor-widget-wrap\">\n\t\t\t\t\t\t<div class=\"elementor-element elementor-element-7373db6 elementor-view-default elementor-widget elementor-widget-icon\" data-id=\"7373db6\" data-element_type=\"widget\" data-widget_type=\"icon.default\">\n\t\t\t\t<div class=\"elementor-widget-container\">\n\t\t\t\t\t<div class=\"elementor-icon-wrapper\">\n\t\t\t<a class=\"elementor-icon\" href=\"https:\/\/www.bretema.es\/index.php\/noticias\">\n\t\t\t<i aria-hidden=\"true\" class=\"fas fa-arrow-alt-circle-left\"><\/i>\t\t\t<\/a>\n\t\t<\/div>\n\t\t\t\t<\/div>\n\t\t\t\t<\/div>\n\t\t\t\t\t\t<\/div>\n\t\t\t\t\t<\/div>\n\t\t<\/div>\n\t\t\t\t<div class=\"elementor-column elementor-col-20 elementor-top-column elementor-element elementor-element-e832bca\" data-id=\"e832bca\" data-element_type=\"column\">\n\t\t\t<div class=\"elementor-column-wrap\">\n\t\t\t\t\t\t\t<div class=\"elementor-widget-wrap\">\n\t\t\t\t\t\t\t\t<\/div>\n\t\t\t\t\t<\/div>\n\t\t<\/div>\n\t\t\t\t<div class=\"elementor-column elementor-col-20 elementor-top-column elementor-element elementor-element-0620b53\" data-id=\"0620b53\" data-element_type=\"column\">\n\t\t\t<div class=\"elementor-column-wrap\">\n\t\t\t\t\t\t\t<div class=\"elementor-widget-wrap\">\n\t\t\t\t\t\t\t\t<\/div>\n\t\t\t\t\t<\/div>\n\t\t<\/div>\n\t\t\t\t\t\t\t\t<\/div>\n\t\t\t\t\t<\/div>\n\t\t<\/section>\n\t\t\t\t<section class=\"elementor-section elementor-top-section elementor-element elementor-element-8f0d8b2 elementor-section-boxed elementor-section-height-default elementor-section-height-default\" data-id=\"8f0d8b2\" data-element_type=\"section\">\n\t\t\t\t\t\t<div class=\"elementor-container elementor-column-gap-default\">\n\t\t\t\t\t\t\t<div class=\"elementor-row\">\n\t\t\t\t\t<div class=\"elementor-column elementor-col-100 elementor-top-column elementor-element elementor-element-cc346c2\" data-id=\"cc346c2\" data-element_type=\"column\">\n\t\t\t<div class=\"elementor-column-wrap\">\n\t\t\t\t\t\t\t<div class=\"elementor-widget-wrap\">\n\t\t\t\t\t\t\t\t<\/div>\n\t\t\t\t\t<\/div>\n\t\t<\/div>\n\t\t\t\t\t\t\t\t<\/div>\n\t\t\t\t\t<\/div>\n\t\t<\/section>\n\t\t\t\t\t\t\t\t\t<\/div>\n\t\t\t<\/div>\n\t\t\t\t\t<\/div>\n\t\t","protected":false},"excerpt":{"rendered":"<p># Entrevista en \u00abTribuna de Andaluc\u00eda\u00bb BR\u00c9TEMA = BLOG TRIBUNA DE ANDALUC\u00cdA Nos publican una entrevista en el especial agroalimentario de Tribuna de Andaluc\u00eda. Hablamos de\u00a0Br\u00e9tema Seguridad Alimentaria\u00a0, el desconocimiento general de muchas empresas de alimentaci\u00f3n sobre la normativa que le aplica, nuestro apoyo t\u00e9cnico a empresas que importan y exportan alimentos , y nuestra &hellip;<\/p>\n<p class=\"read-more\"> <a class=\"\" href=\"https:\/\/www.bretema.es\/index.php\/2023\/06\/04\/tribuna-de-andalucia\/\"> <span class=\"screen-reader-text\">Entrevista en Tribuna de Andaluc\u00eda<\/span> Leer m\u00e1s \u00bb<\/a><\/p>\n","protected":false},"author":1,"featured_media":11197,"comment_status":"closed","ping_status":"closed","sticky":false,"template":"elementor_header_footer","format":"standard","meta":{"_mi_skip_tracking":false,"site-sidebar-layout":"default","site-content-layout":"default","ast-main-header-display":"","ast-hfb-above-header-display":"","ast-hfb-below-header-display":"","ast-hfb-mobile-header-display":"","site-post-title":"","ast-breadcrumbs-content":"","ast-featured-img":"","footer-sml-layout":"","theme-transparent-header-meta":"default","adv-header-id-meta":"","stick-header-meta":"default","header-above-stick-meta":"","header-main-stick-meta":"","header-below-stick-meta":""},"categories":[23],"tags":[78],"_links":{"self":[{"href":"https:\/\/www.bretema.es\/index.php\/wp-json\/wp\/v2\/posts\/11186"}],"collection":[{"href":"https:\/\/www.bretema.es\/index.php\/wp-json\/wp\/v2\/posts"}],"about":[{"href":"https:\/\/www.bretema.es\/index.php\/wp-json\/wp\/v2\/types\/post"}],"author":[{"embeddable":true,"href":"https:\/\/www.bretema.es\/index.php\/wp-json\/wp\/v2\/users\/1"}],"replies":[{"embeddable":true,"href":"https:\/\/www.bretema.es\/index.php\/wp-json\/wp\/v2\/comments?post=11186"}],"version-history":[{"count":26,"href":"https:\/\/www.bretema.es\/index.php\/wp-json\/wp\/v2\/posts\/11186\/revisions"}],"predecessor-version":[{"id":11219,"href":"https:\/\/www.bretema.es\/index.php\/wp-json\/wp\/v2\/posts\/11186\/revisions\/11219"}],"wp:featuredmedia":[{"embeddable":true,"href":"https:\/\/www.bretema.es\/index.php\/wp-json\/wp\/v2\/media\/11197"}],"wp:attachment":[{"href":"https:\/\/www.bretema.es\/index.php\/wp-json\/wp\/v2\/media?parent=11186"}],"wp:term":[{"taxonomy":"category","embeddable":true,"href":"https:\/\/www.bretema.es\/index.php\/wp-json\/wp\/v2\/categories?post=11186"},{"taxonomy":"post_tag","embeddable":true,"href":"https:\/\/www.bretema.es\/index.php\/wp-json\/wp\/v2\/tags?post=11186"}],"curies":[{"name":"wp","href":"https:\/\/api.w.org\/{rel}","templated":true}]}}