{"id":10678,"date":"2023-03-31T09:01:35","date_gmt":"2023-03-31T07:01:35","guid":{"rendered":"https:\/\/www.bretema.es\/?p=10678"},"modified":"2023-03-31T11:25:38","modified_gmt":"2023-03-31T09:25:38","slug":"rd1055","status":"publish","type":"post","link":"https:\/\/www.bretema.es\/index.php\/2023\/03\/31\/rd1055\/","title":{"rendered":"RD 1055\/ 2022 envases y residuos de envases"},"content":{"rendered":"\t\t<div data-elementor-type=\"wp-post\" data-elementor-id=\"10678\" class=\"elementor elementor-10678\">\n\t\t\t\t\t\t<div class=\"elementor-inner\">\n\t\t\t\t<div class=\"elementor-section-wrap\">\n\t\t\t\t\t\t\t\t\t<section class=\"elementor-section elementor-top-section elementor-element elementor-element-1edbab5 elementor-section-boxed elementor-section-height-default elementor-section-height-default\" data-id=\"1edbab5\" data-element_type=\"section\">\n\t\t\t\t\t\t<div class=\"elementor-container elementor-column-gap-default\">\n\t\t\t\t\t\t\t<div class=\"elementor-row\">\n\t\t\t\t\t<div class=\"elementor-column elementor-col-100 elementor-top-column elementor-element elementor-element-d0b5772\" data-id=\"d0b5772\" data-element_type=\"column\">\n\t\t\t<div class=\"elementor-column-wrap elementor-element-populated\">\n\t\t\t\t\t\t\t<div class=\"elementor-widget-wrap\">\n\t\t\t\t\t\t<div class=\"elementor-element elementor-element-322a744 elementor-widget elementor-widget-heading\" data-id=\"322a744\" data-element_type=\"widget\" data-widget_type=\"heading.default\">\n\t\t\t\t<div class=\"elementor-widget-container\">\n\t\t\t<h2 class=\"elementor-heading-title elementor-size-default\"># Envases y residuos de envases <\/h2>\t\t<\/div>\n\t\t\t\t<\/div>\n\t\t\t\t\t\t<\/div>\n\t\t\t\t\t<\/div>\n\t\t<\/div>\n\t\t\t\t\t\t\t\t<\/div>\n\t\t\t\t\t<\/div>\n\t\t<\/section>\n\t\t\t\t<section class=\"elementor-section elementor-top-section elementor-element elementor-element-u1otbfu elementor-section-height-min-height elementor-section-boxed elementor-section-height-default elementor-section-items-middle\" data-id=\"u1otbfu\" data-element_type=\"section\" data-settings=\"{&quot;background_background&quot;:&quot;classic&quot;}\">\n\t\t\t\t\t\t<div class=\"elementor-container elementor-column-gap-default\">\n\t\t\t\t\t\t\t<div class=\"elementor-row\">\n\t\t\t\t\t<div class=\"elementor-column elementor-col-100 elementor-top-column elementor-element elementor-element-b3a35f8\" data-id=\"b3a35f8\" data-element_type=\"column\">\n\t\t\t<div class=\"elementor-column-wrap elementor-element-populated\">\n\t\t\t\t\t\t\t<div class=\"elementor-widget-wrap\">\n\t\t\t\t\t\t<div class=\"elementor-element elementor-element-32eb271 elementor-widget elementor-widget-heading\" data-id=\"32eb271\" data-element_type=\"widget\" data-widget_type=\"heading.default\">\n\t\t\t\t<div class=\"elementor-widget-container\">\n\t\t\t<h1 class=\"elementor-heading-title elementor-size-default\">BR\u00c9TEMA = BLOG<\/h1>\t\t<\/div>\n\t\t\t\t<\/div>\n\t\t\t\t\t\t<\/div>\n\t\t\t\t\t<\/div>\n\t\t<\/div>\n\t\t\t\t\t\t\t\t<\/div>\n\t\t\t\t\t<\/div>\n\t\t<\/section>\n\t\t\t\t<section class=\"elementor-section elementor-top-section elementor-element elementor-element-2d2a7a8 elementor-section-boxed elementor-section-height-default elementor-section-height-default\" data-id=\"2d2a7a8\" data-element_type=\"section\">\n\t\t\t\t\t\t<div class=\"elementor-container elementor-column-gap-default\">\n\t\t\t\t\t\t\t<div class=\"elementor-row\">\n\t\t\t\t\t<div class=\"elementor-column elementor-col-100 elementor-top-column elementor-element elementor-element-a5fade7\" data-id=\"a5fade7\" data-element_type=\"column\">\n\t\t\t<div class=\"elementor-column-wrap elementor-element-populated\">\n\t\t\t\t\t\t\t<div class=\"elementor-widget-wrap\">\n\t\t\t\t\t\t<div class=\"elementor-element elementor-element-52fe340 elementor-widget elementor-widget-spacer\" data-id=\"52fe340\" data-element_type=\"widget\" data-widget_type=\"spacer.default\">\n\t\t\t\t<div class=\"elementor-widget-container\">\n\t\t\t\t\t<div class=\"elementor-spacer\">\n\t\t\t<div class=\"elementor-spacer-inner\"><\/div>\n\t\t<\/div>\n\t\t\t\t<\/div>\n\t\t\t\t<\/div>\n\t\t\t\t\t\t<\/div>\n\t\t\t\t\t<\/div>\n\t\t<\/div>\n\t\t\t\t\t\t\t\t<\/div>\n\t\t\t\t\t<\/div>\n\t\t<\/section>\n\t\t\t\t<section class=\"elementor-section elementor-top-section elementor-element elementor-element-db649c5 elementor-section-boxed elementor-section-height-default elementor-section-height-default\" data-id=\"db649c5\" data-element_type=\"section\">\n\t\t\t\t\t\t<div class=\"elementor-container elementor-column-gap-default\">\n\t\t\t\t\t\t\t<div class=\"elementor-row\">\n\t\t\t\t\t<div class=\"elementor-column elementor-col-100 elementor-top-column elementor-element elementor-element-3aa5d95\" data-id=\"3aa5d95\" data-element_type=\"column\">\n\t\t\t<div class=\"elementor-column-wrap elementor-element-populated\">\n\t\t\t\t\t\t\t<div class=\"elementor-widget-wrap\">\n\t\t\t\t\t\t<div class=\"elementor-element elementor-element-9dde05f elementor-widget elementor-widget-heading\" data-id=\"9dde05f\" data-element_type=\"widget\" data-widget_type=\"heading.default\">\n\t\t\t\t<div class=\"elementor-widget-container\">\n\t\t\t<h2 class=\"elementor-heading-title elementor-size-default\">NUEVA NORMATIVA DE ENVASES Y RESIDUOS DE ENVASES<\/h2>\t\t<\/div>\n\t\t\t\t<\/div>\n\t\t\t\t<div class=\"elementor-element elementor-element-8a4321f elementor-widget elementor-widget-spacer\" data-id=\"8a4321f\" data-element_type=\"widget\" data-widget_type=\"spacer.default\">\n\t\t\t\t<div class=\"elementor-widget-container\">\n\t\t\t\t\t<div class=\"elementor-spacer\">\n\t\t\t<div class=\"elementor-spacer-inner\"><\/div>\n\t\t<\/div>\n\t\t\t\t<\/div>\n\t\t\t\t<\/div>\n\t\t\t\t\t\t<\/div>\n\t\t\t\t\t<\/div>\n\t\t<\/div>\n\t\t\t\t\t\t\t\t<\/div>\n\t\t\t\t\t<\/div>\n\t\t<\/section>\n\t\t\t\t<section class=\"elementor-section elementor-top-section elementor-element elementor-element-2fa8f09 elementor-section-boxed elementor-section-height-default elementor-section-height-default\" data-id=\"2fa8f09\" data-element_type=\"section\">\n\t\t\t\t\t\t<div class=\"elementor-container elementor-column-gap-default\">\n\t\t\t\t\t\t\t<div class=\"elementor-row\">\n\t\t\t\t\t<div class=\"elementor-column elementor-col-100 elementor-top-column elementor-element elementor-element-9536a40\" data-id=\"9536a40\" data-element_type=\"column\">\n\t\t\t<div class=\"elementor-column-wrap elementor-element-populated\">\n\t\t\t\t\t\t\t<div class=\"elementor-widget-wrap\">\n\t\t\t\t\t\t<div class=\"elementor-element elementor-element-db6024a elementor-widget elementor-widget-text-editor\" data-id=\"db6024a\" data-element_type=\"widget\" data-widget_type=\"text-editor.default\">\n\t\t\t\t<div class=\"elementor-widget-container\">\n\t\t\t\t\t\t\t\t<div class=\"elementor-text-editor elementor-clearfix\">\n\t\t\t\t<p class=\"p1\">En Diciembre de 2022 se publica\u00a0 un Real decreto que amplia las responsabilidades en materia de puesta en el mercado de envases con implicaciones econ\u00f3micas y obligaciones de inscripci\u00f3n y documentales, que afecta a fabricantes de envases, y envasadores (<span class=\"Apple-converted-space\">\u00a0 <\/span>fabricantes de producto envasado y comercializadores y distribuidores ) .<\/p><p class=\"p1\">La normativa obliga en funci\u00f3n de la clasificaci\u00f3n ella empresa a unos tr\u00e1mites administrativos y de comunicaci\u00f3n anual, y a la puesta en marcha de sistemas documentales y pr\u00e1cticos de reducci\u00f3n de residuos que se pueden integrar en sistemas de gesti\u00f3n ya implantados.<\/p><p class=\"p1\">La normativa evoluciona hacia una imposici\u00f3n futura del denominado Residuo Cero y afecta de manera especial a las empresas de alimentaci\u00f3n<\/p><p>.\u00a0<\/p>\t\t\t\t\t<\/div>\n\t\t\t\t\t\t<\/div>\n\t\t\t\t<\/div>\n\t\t\t\t\t\t<\/div>\n\t\t\t\t\t<\/div>\n\t\t<\/div>\n\t\t\t\t\t\t\t\t<\/div>\n\t\t\t\t\t<\/div>\n\t\t<\/section>\n\t\t\t\t<section class=\"elementor-section elementor-top-section elementor-element elementor-element-d71ae33 elementor-section-boxed elementor-section-height-default elementor-section-height-default\" data-id=\"d71ae33\" data-element_type=\"section\">\n\t\t\t\t\t\t<div class=\"elementor-container elementor-column-gap-default\">\n\t\t\t\t\t\t\t<div class=\"elementor-row\">\n\t\t\t\t\t<div class=\"elementor-column elementor-col-100 elementor-top-column elementor-element elementor-element-fd8f918\" data-id=\"fd8f918\" data-element_type=\"column\">\n\t\t\t<div class=\"elementor-column-wrap elementor-element-populated\">\n\t\t\t\t\t\t\t<div class=\"elementor-widget-wrap\">\n\t\t\t\t\t\t<div class=\"elementor-element elementor-element-98bae0f elementor-widget elementor-widget-text-editor\" data-id=\"98bae0f\" data-element_type=\"widget\" data-widget_type=\"text-editor.default\">\n\t\t\t\t<div class=\"elementor-widget-container\">\n\t\t\t\t\t\t\t\t<div class=\"elementor-text-editor elementor-clearfix\">\n\t\t\t\t<p class=\"p1\">La aprobaci\u00f3n de la Ley 11\/1997, de 24 de abril, supuso la aplicaci\u00f3n por primera vez en Espa\u00f1a del r\u00e9gimen de responsabilidad ampliada del productor, de forma que son los productores de los productos que con el uso se convierten en residuos, los que deben asumir la responsabilidad de su gesti\u00f3n.<\/p><p class=\"p1\">El<span class=\"Apple-converted-space\">\u00a0 <\/span>RD<span class=\"Apple-converted-space\">\u00a0 <\/span>1055\/2022 tiene por objeto la adaptaci\u00f3n de la normativa espa\u00f1ola de envases al nuevo r\u00e9gimen de responsabilidad ampliada del productor, establecido por la normativa de la Uni\u00f3n Europea recientemente aprobada y que exige mayores cuotas de revalorizaci\u00f3n y reciclaje.<\/p><p class=\"p1\"><b><i>Quedan dentro del \u00e1mbito de aplicaci\u00f3n de este real decreto todos los envases puestos en el mercado y residuos de envases generados en el territorio del Estado, independientemente de que se usen o produzcan en la industria, comercio, oficinas, establecimientos comerciales, servicios, hogares, o en cualquier otro sitio, sean cuales fueren los materiales utilizado<\/i><\/b>s.<\/p><p class=\"p1\"><b>Registro e informaci\u00f3n anual <\/b><\/p><p class=\"p1\">Con objeto de cumplir con la nueva obligaci\u00f3n sobre puesta en el mercado de envases se crea la secci\u00f3n de envases en el Registro de Productores de Productos, que obliga a todos los productores a inscribirse y a remitir anualmente informaci\u00f3n sobre la puesta en el mercado de envases.<\/p><p class=\"p1\">El RD desarrolla las especificaciones del r\u00e9gimen de responsabilidad ampliada del productor para los envases dom\u00e9sticos y<span class=\"Apple-converted-space\">\u00a0 <\/span>comerciales e industriales.<span class=\"Apple-converted-space\">\u00a0 <\/span>De esta forma, se aplica el r\u00e9gimen de responsabilidad ampliada del productor adem\u00e1s de a los envases dom\u00e9sticos, al resto de envases comerciales e industriales, a los que con car\u00e1cter general no se les aplicaba hasta la fecha en Espa\u00f1a.<\/p><p class=\"p1\">En el momento de la inscripci\u00f3n, se asigna un n\u00famero de registro que deber\u00e1 figurar en las facturas y cualquier otra documentaci\u00f3n que acompa\u00f1e a las transacciones comerciales de productos envasados desde su puesta en el mercado hasta los puntos de venta de bienes o productos a los consumidores para los envases dom\u00e9sticos, o hasta el usuario final para los envases comerciales e industriales.<\/p><p class=\"p1\">No obstante cuando los productores introduzcan en el mercado envases de servicio y menos de 50.000 kg de envases comerciales e industriales, ser\u00e1n los fabricantes, importadores o adquirientes de estos envases, o las empresas de distribuci\u00f3n de los envases de servicio, los obligados a la inscripci\u00f3n de manera \u00fanica para todos ellos.<\/p><p class=\"p1\">Los productores de producto inscritos en la secci\u00f3n de envases del Registro recopilar\u00e1n y remitir\u00e1n anualmente y obligatoriamente<span class=\"Apple-converted-space\">\u00a0 <\/span>un informe anual de materiales de envase puestos en el mercad seg\u00fan las consideraciones explicitadas en la normativa.<\/p><p class=\"p1\"><b>Planes empresariales de prevenci\u00f3n <\/b><\/p><p class=\"p1\">Estar\u00e1n obligados a aplicar un plan empresarial de prevenci\u00f3n y ecodise\u00f1o con car\u00e1cter quinquenal, los productores de productos que, a lo largo de un a\u00f1o natural, introduzcan en el mercado una cantidad de envases igual o superior a las siguientes cantidades:<\/p><ul class=\"ul1\"><li class=\"li1\">\u2013 250 toneladas, si se trata exclusivamente de vidrio,<\/li><li class=\"li1\">\u2013 50 toneladas, si se trata exclusivamente de acero,<\/li><li class=\"li1\">\u2013 30 toneladas, si se trata exclusivamente de aluminio,<\/li><li class=\"li1\">\u2013 20 toneladas, si se trata exclusivamente de pl\u00e1stico,<\/li><li class=\"li1\">\u2013 20 toneladas, si se trata exclusivamente de madera,<\/li><li class=\"li1\">\u2013 15 toneladas, si se trata exclusivamente de cart\u00f3n o materiales compuestos.<\/li><li class=\"li1\">\u2013 300 toneladas, si se trata de varios materiales y cada uno de ellos no supera, de forma individual, las anteriores cantidades.<\/li><\/ul><p class=\"p1\"><b><i>En relaci\u00f3n a las contribuciones econ\u00f3micas obligadas a los sistemas<span class=\"Apple-converted-space\">\u00a0 <\/span>de responsabilidad ampliada, individual o colectiva, pueden tener penalizaciones o bonificaciones por el uso de envases que facilitan una minoraci\u00f3n de residuos en el medio ambiente lo que hace conveniente tener un sistema<span class=\"Apple-converted-space\">\u00a0 <\/span>documentado y verificable de la gesti\u00f3n medioambiental en la empresa.<\/i><\/b><\/p>\t\t\t\t\t<\/div>\n\t\t\t\t\t\t<\/div>\n\t\t\t\t<\/div>\n\t\t\t\t\t\t<\/div>\n\t\t\t\t\t<\/div>\n\t\t<\/div>\n\t\t\t\t\t\t\t\t<\/div>\n\t\t\t\t\t<\/div>\n\t\t<\/section>\n\t\t\t\t<section class=\"elementor-section elementor-top-section elementor-element elementor-element-cf6e06e elementor-section-boxed elementor-section-height-default elementor-section-height-default\" data-id=\"cf6e06e\" data-element_type=\"section\">\n\t\t\t\t\t\t<div class=\"elementor-container elementor-column-gap-default\">\n\t\t\t\t\t\t\t<div class=\"elementor-row\">\n\t\t\t\t\t<div class=\"elementor-column elementor-col-20 elementor-top-column elementor-element elementor-element-b0252c8\" data-id=\"b0252c8\" data-element_type=\"column\">\n\t\t\t<div class=\"elementor-column-wrap\">\n\t\t\t\t\t\t\t<div class=\"elementor-widget-wrap\">\n\t\t\t\t\t\t\t\t<\/div>\n\t\t\t\t\t<\/div>\n\t\t<\/div>\n\t\t\t\t<div class=\"elementor-column elementor-col-20 elementor-top-column elementor-element elementor-element-0a9d07c\" data-id=\"0a9d07c\" data-element_type=\"column\">\n\t\t\t<div class=\"elementor-column-wrap elementor-element-populated\">\n\t\t\t\t\t\t\t<div class=\"elementor-widget-wrap\">\n\t\t\t\t\t\t<div class=\"elementor-element elementor-element-c3b70e9 elementor-widget elementor-widget-text-editor\" data-id=\"c3b70e9\" data-element_type=\"widget\" data-widget_type=\"text-editor.default\">\n\t\t\t\t<div class=\"elementor-widget-container\">\n\t\t\t\t\t\t\t\t<div class=\"elementor-text-editor elementor-clearfix\">\n\t\t\t\t<p>Si quieres leer m\u00e1s sobre residuos en la empresa de alimentaci\u00f3n visita nuestra p\u00e1gina \u00abHacia el Residuo Cero \u00bb\u00a0<\/p>\t\t\t\t\t<\/div>\n\t\t\t\t\t\t<\/div>\n\t\t\t\t<\/div>\n\t\t\t\t\t\t<\/div>\n\t\t\t\t\t<\/div>\n\t\t<\/div>\n\t\t\t\t<div class=\"elementor-column elementor-col-20 elementor-top-column elementor-element elementor-element-d5e9e41\" data-id=\"d5e9e41\" data-element_type=\"column\">\n\t\t\t<div class=\"elementor-column-wrap elementor-element-populated\">\n\t\t\t\t\t\t\t<div class=\"elementor-widget-wrap\">\n\t\t\t\t\t\t<div class=\"elementor-element elementor-element-2b3ec02 elementor-view-default elementor-widget elementor-widget-icon\" data-id=\"2b3ec02\" data-element_type=\"widget\" data-widget_type=\"icon.default\">\n\t\t\t\t<div class=\"elementor-widget-container\">\n\t\t\t\t\t<div class=\"elementor-icon-wrapper\">\n\t\t\t<a class=\"elementor-icon\" href=\"https:\/\/www.bretema.es\/index.php\/residuocero\/\">\n\t\t\t<i aria-hidden=\"true\" class=\"fas fa-arrow-alt-circle-right\"><\/i>\t\t\t<\/a>\n\t\t<\/div>\n\t\t\t\t<\/div>\n\t\t\t\t<\/div>\n\t\t\t\t\t\t<\/div>\n\t\t\t\t\t<\/div>\n\t\t<\/div>\n\t\t\t\t<div class=\"elementor-column elementor-col-20 elementor-top-column elementor-element elementor-element-299b3bd\" data-id=\"299b3bd\" data-element_type=\"column\">\n\t\t\t<div class=\"elementor-column-wrap\">\n\t\t\t\t\t\t\t<div class=\"elementor-widget-wrap\">\n\t\t\t\t\t\t\t\t<\/div>\n\t\t\t\t\t<\/div>\n\t\t<\/div>\n\t\t\t\t<div class=\"elementor-column elementor-col-20 elementor-top-column elementor-element elementor-element-79c9d2d\" data-id=\"79c9d2d\" data-element_type=\"column\">\n\t\t\t<div class=\"elementor-column-wrap\">\n\t\t\t\t\t\t\t<div class=\"elementor-widget-wrap\">\n\t\t\t\t\t\t\t\t<\/div>\n\t\t\t\t\t<\/div>\n\t\t<\/div>\n\t\t\t\t\t\t\t\t<\/div>\n\t\t\t\t\t<\/div>\n\t\t<\/section>\n\t\t\t\t<section class=\"elementor-section elementor-top-section elementor-element elementor-element-795de51 elementor-section-boxed elementor-section-height-default elementor-section-height-default\" data-id=\"795de51\" data-element_type=\"section\">\n\t\t\t\t\t\t<div class=\"elementor-container elementor-column-gap-default\">\n\t\t\t\t\t\t\t<div class=\"elementor-row\">\n\t\t\t\t\t<div class=\"elementor-column elementor-col-100 elementor-top-column elementor-element elementor-element-aee5852\" data-id=\"aee5852\" data-element_type=\"column\">\n\t\t\t<div class=\"elementor-column-wrap elementor-element-populated\">\n\t\t\t\t\t\t\t<div class=\"elementor-widget-wrap\">\n\t\t\t\t\t\t<div class=\"elementor-element elementor-element-71dd08b elementor-widget elementor-widget-spacer\" data-id=\"71dd08b\" data-element_type=\"widget\" data-widget_type=\"spacer.default\">\n\t\t\t\t<div class=\"elementor-widget-container\">\n\t\t\t\t\t<div class=\"elementor-spacer\">\n\t\t\t<div class=\"elementor-spacer-inner\"><\/div>\n\t\t<\/div>\n\t\t\t\t<\/div>\n\t\t\t\t<\/div>\n\t\t\t\t\t\t<\/div>\n\t\t\t\t\t<\/div>\n\t\t<\/div>\n\t\t\t\t\t\t\t\t<\/div>\n\t\t\t\t\t<\/div>\n\t\t<\/section>\n\t\t\t\t<section class=\"elementor-section elementor-top-section elementor-element elementor-element-tpucr68 elementor-section-content-middle elementor-section-height-min-height elementor-section-boxed elementor-section-height-default elementor-section-items-middle\" data-id=\"tpucr68\" data-element_type=\"section\" data-settings=\"{&quot;background_background&quot;:&quot;classic&quot;}\">\n\t\t\t\t\t\t<div class=\"elementor-container elementor-column-gap-default\">\n\t\t\t\t\t\t\t<div class=\"elementor-row\">\n\t\t\t\t\t<div class=\"elementor-column elementor-col-100 elementor-top-column elementor-element elementor-element-8f2eeb9\" data-id=\"8f2eeb9\" data-element_type=\"column\">\n\t\t\t<div class=\"elementor-column-wrap elementor-element-populated\">\n\t\t\t\t\t\t\t<div class=\"elementor-widget-wrap\">\n\t\t\t\t\t\t<div class=\"elementor-element elementor-element-322bb4e elementor-widget elementor-widget-heading\" data-id=\"322bb4e\" data-element_type=\"widget\" data-widget_type=\"heading.default\">\n\t\t\t\t<div class=\"elementor-widget-container\">\n\t\t\t<h2 class=\"elementor-heading-title elementor-size-default\">HABLAMOS <\/h2>\t\t<\/div>\n\t\t\t\t<\/div>\n\t\t\t\t<div class=\"elementor-element elementor-element-63eaa9b elementor-widget elementor-widget-text-editor\" data-id=\"63eaa9b\" data-element_type=\"widget\" data-widget_type=\"text-editor.default\">\n\t\t\t\t<div class=\"elementor-widget-container\">\n\t\t\t\t\t\t\t\t<div class=\"elementor-text-editor elementor-clearfix\">\n\t\t\t\t<p class=\"p1\">Para hacer frente a las obligaciones explicitadas en el RD1055\/2022 y adecuar a la empresa de alimentaci\u00f3n a los requisitos actuales realizamos una propuesta de servicios t\u00e9cnicos para la empresa de alimentaci\u00f3n :<\/p><p><span style=\"text-decoration: underline;\">INSCRIPCION <span class=\"Apple-converted-space\">\u00a0 <\/span>\u201cENVASES\u201d EN EL REGISTRO DE PRODUCTORES DE PRODUCTO<\/span><\/p><ul><li><span class=\"s2\"><span style=\"text-decoration: underline;\">Normativa:<\/span> <\/span> Estudio de la normativa y definici\u00f3n de las obligaciones de la empresa en funci\u00f3n de su clasificaci\u00f3n y residuos generados.<\/li><li><span style=\"text-decoration: underline;\"><span class=\"s2\">Registro<\/span>:<\/span> Preparaci\u00f3n de la documentaci\u00f3n necesaria y procedimientos para el registro de la empresa cuando \u00e9ste sea necesario<\/li><\/ul><p><b><\/b><span style=\"text-decoration: underline;\">PLAN DE REDUCCI\u00d3N <\/span><\/p><p><span class=\"s2\">Planes empresariales de prevenci\u00f3n<\/span>: Redacci\u00f3n e integraci\u00f3n en un sistema de gesti\u00f3n del plan empresarial de prevenci\u00f3n definido en la normativa, cuando aplique.<\/p><p>\u00a0<\/p>\t\t\t\t\t<\/div>\n\t\t\t\t\t\t<\/div>\n\t\t\t\t<\/div>\n\t\t\t\t<div class=\"elementor-element elementor-element-a69fa16 elementor-view-default elementor-widget elementor-widget-icon\" data-id=\"a69fa16\" data-element_type=\"widget\" data-widget_type=\"icon.default\">\n\t\t\t\t<div class=\"elementor-widget-container\">\n\t\t\t\t\t<div class=\"elementor-icon-wrapper\">\n\t\t\t<a class=\"elementor-icon\" href=\"https:\/\/www.bretema.es\/index.php\/contacto\/\">\n\t\t\t<i aria-hidden=\"true\" class=\"fas fa-at\"><\/i>\t\t\t<\/a>\n\t\t<\/div>\n\t\t\t\t<\/div>\n\t\t\t\t<\/div>\n\t\t\t\t\t\t<\/div>\n\t\t\t\t\t<\/div>\n\t\t<\/div>\n\t\t\t\t\t\t\t\t<\/div>\n\t\t\t\t\t<\/div>\n\t\t<\/section>\n\t\t\t\t<section class=\"elementor-section elementor-top-section elementor-element elementor-element-8acc34d elementor-section-boxed elementor-section-height-default elementor-section-height-default\" data-id=\"8acc34d\" data-element_type=\"section\">\n\t\t\t\t\t\t<div class=\"elementor-container elementor-column-gap-default\">\n\t\t\t\t\t\t\t<div class=\"elementor-row\">\n\t\t\t\t\t<div class=\"elementor-column elementor-col-100 elementor-top-column elementor-element elementor-element-6570d94\" data-id=\"6570d94\" data-element_type=\"column\">\n\t\t\t<div class=\"elementor-column-wrap elementor-element-populated\">\n\t\t\t\t\t\t\t<div class=\"elementor-widget-wrap\">\n\t\t\t\t\t\t<div class=\"elementor-element elementor-element-688ca81 elementor-widget elementor-widget-spacer\" data-id=\"688ca81\" data-element_type=\"widget\" data-widget_type=\"spacer.default\">\n\t\t\t\t<div class=\"elementor-widget-container\">\n\t\t\t\t\t<div class=\"elementor-spacer\">\n\t\t\t<div class=\"elementor-spacer-inner\"><\/div>\n\t\t<\/div>\n\t\t\t\t<\/div>\n\t\t\t\t<\/div>\n\t\t\t\t\t\t<\/div>\n\t\t\t\t\t<\/div>\n\t\t<\/div>\n\t\t\t\t\t\t\t\t<\/div>\n\t\t\t\t\t<\/div>\n\t\t<\/section>\n\t\t\t\t<section class=\"elementor-section elementor-top-section elementor-element elementor-element-24096a2 elementor-section-boxed elementor-section-height-default elementor-section-height-default\" data-id=\"24096a2\" data-element_type=\"section\">\n\t\t\t\t\t\t<div class=\"elementor-container elementor-column-gap-default\">\n\t\t\t\t\t\t\t<div class=\"elementor-row\">\n\t\t\t\t\t<div class=\"elementor-column elementor-col-20 elementor-top-column elementor-element elementor-element-952bba7\" data-id=\"952bba7\" data-element_type=\"column\">\n\t\t\t<div class=\"elementor-column-wrap\">\n\t\t\t\t\t\t\t<div class=\"elementor-widget-wrap\">\n\t\t\t\t\t\t\t\t<\/div>\n\t\t\t\t\t<\/div>\n\t\t<\/div>\n\t\t\t\t<div class=\"elementor-column elementor-col-20 elementor-top-column elementor-element elementor-element-08925f7\" data-id=\"08925f7\" data-element_type=\"column\">\n\t\t\t<div class=\"elementor-column-wrap\">\n\t\t\t\t\t\t\t<div class=\"elementor-widget-wrap\">\n\t\t\t\t\t\t\t\t<\/div>\n\t\t\t\t\t<\/div>\n\t\t<\/div>\n\t\t\t\t<div class=\"elementor-column elementor-col-20 elementor-top-column elementor-element elementor-element-cc1396a\" data-id=\"cc1396a\" data-element_type=\"column\">\n\t\t\t<div class=\"elementor-column-wrap elementor-element-populated\">\n\t\t\t\t\t\t\t<div class=\"elementor-widget-wrap\">\n\t\t\t\t\t\t<div class=\"elementor-element elementor-element-7373db6 elementor-view-default elementor-widget elementor-widget-icon\" data-id=\"7373db6\" data-element_type=\"widget\" data-widget_type=\"icon.default\">\n\t\t\t\t<div class=\"elementor-widget-container\">\n\t\t\t\t\t<div class=\"elementor-icon-wrapper\">\n\t\t\t<a class=\"elementor-icon\" href=\"https:\/\/www.bretema.es\/index.php\/noticias\">\n\t\t\t<i aria-hidden=\"true\" class=\"fas fa-arrow-alt-circle-left\"><\/i>\t\t\t<\/a>\n\t\t<\/div>\n\t\t\t\t<\/div>\n\t\t\t\t<\/div>\n\t\t\t\t\t\t<\/div>\n\t\t\t\t\t<\/div>\n\t\t<\/div>\n\t\t\t\t<div class=\"elementor-column elementor-col-20 elementor-top-column elementor-element elementor-element-e832bca\" data-id=\"e832bca\" data-element_type=\"column\">\n\t\t\t<div class=\"elementor-column-wrap\">\n\t\t\t\t\t\t\t<div class=\"elementor-widget-wrap\">\n\t\t\t\t\t\t\t\t<\/div>\n\t\t\t\t\t<\/div>\n\t\t<\/div>\n\t\t\t\t<div class=\"elementor-column elementor-col-20 elementor-top-column elementor-element elementor-element-0620b53\" data-id=\"0620b53\" data-element_type=\"column\">\n\t\t\t<div class=\"elementor-column-wrap\">\n\t\t\t\t\t\t\t<div class=\"elementor-widget-wrap\">\n\t\t\t\t\t\t\t\t<\/div>\n\t\t\t\t\t<\/div>\n\t\t<\/div>\n\t\t\t\t\t\t\t\t<\/div>\n\t\t\t\t\t<\/div>\n\t\t<\/section>\n\t\t\t\t<section class=\"elementor-section elementor-top-section elementor-element elementor-element-8f0d8b2 elementor-section-boxed elementor-section-height-default elementor-section-height-default\" data-id=\"8f0d8b2\" data-element_type=\"section\">\n\t\t\t\t\t\t<div class=\"elementor-container elementor-column-gap-default\">\n\t\t\t\t\t\t\t<div class=\"elementor-row\">\n\t\t\t\t\t<div class=\"elementor-column elementor-col-100 elementor-top-column elementor-element elementor-element-cc346c2\" data-id=\"cc346c2\" data-element_type=\"column\">\n\t\t\t<div class=\"elementor-column-wrap\">\n\t\t\t\t\t\t\t<div class=\"elementor-widget-wrap\">\n\t\t\t\t\t\t\t\t<\/div>\n\t\t\t\t\t<\/div>\n\t\t<\/div>\n\t\t\t\t\t\t\t\t<\/div>\n\t\t\t\t\t<\/div>\n\t\t<\/section>\n\t\t\t\t\t\t\t\t\t<\/div>\n\t\t\t<\/div>\n\t\t\t\t\t<\/div>\n\t\t","protected":false},"excerpt":{"rendered":"<p># Envases y residuos de envases BR\u00c9TEMA = BLOG NUEVA NORMATIVA DE ENVASES Y RESIDUOS DE ENVASES En Diciembre de 2022 se publica\u00a0 un Real decreto que amplia las responsabilidades en materia de puesta en el mercado de envases con implicaciones econ\u00f3micas y obligaciones de inscripci\u00f3n y documentales, que afecta a fabricantes de envases, y &hellip;<\/p>\n<p class=\"read-more\"> <a class=\"\" href=\"https:\/\/www.bretema.es\/index.php\/2023\/03\/31\/rd1055\/\"> <span class=\"screen-reader-text\">RD 1055\/ 2022 envases y residuos de envases<\/span> Leer m\u00e1s \u00bb<\/a><\/p>\n","protected":false},"author":1,"featured_media":10680,"comment_status":"closed","ping_status":"closed","sticky":false,"template":"elementor_header_footer","format":"standard","meta":{"_mi_skip_tracking":false,"site-sidebar-layout":"default","site-content-layout":"default","ast-main-header-display":"","ast-hfb-above-header-display":"","ast-hfb-below-header-display":"","ast-hfb-mobile-header-display":"","site-post-title":"","ast-breadcrumbs-content":"","ast-featured-img":"","footer-sml-layout":"","theme-transparent-header-meta":"default","adv-header-id-meta":"","stick-header-meta":"default","header-above-stick-meta":"","header-main-stick-meta":"","header-below-stick-meta":""},"categories":[24],"tags":[79,80],"_links":{"self":[{"href":"https:\/\/www.bretema.es\/index.php\/wp-json\/wp\/v2\/posts\/10678"}],"collection":[{"href":"https:\/\/www.bretema.es\/index.php\/wp-json\/wp\/v2\/posts"}],"about":[{"href":"https:\/\/www.bretema.es\/index.php\/wp-json\/wp\/v2\/types\/post"}],"author":[{"embeddable":true,"href":"https:\/\/www.bretema.es\/index.php\/wp-json\/wp\/v2\/users\/1"}],"replies":[{"embeddable":true,"href":"https:\/\/www.bretema.es\/index.php\/wp-json\/wp\/v2\/comments?post=10678"}],"version-history":[{"count":26,"href":"https:\/\/www.bretema.es\/index.php\/wp-json\/wp\/v2\/posts\/10678\/revisions"}],"predecessor-version":[{"id":10989,"href":"https:\/\/www.bretema.es\/index.php\/wp-json\/wp\/v2\/posts\/10678\/revisions\/10989"}],"wp:featuredmedia":[{"embeddable":true,"href":"https:\/\/www.bretema.es\/index.php\/wp-json\/wp\/v2\/media\/10680"}],"wp:attachment":[{"href":"https:\/\/www.bretema.es\/index.php\/wp-json\/wp\/v2\/media?parent=10678"}],"wp:term":[{"taxonomy":"category","embeddable":true,"href":"https:\/\/www.bretema.es\/index.php\/wp-json\/wp\/v2\/categories?post=10678"},{"taxonomy":"post_tag","embeddable":true,"href":"https:\/\/www.bretema.es\/index.php\/wp-json\/wp\/v2\/tags?post=10678"}],"curies":[{"name":"wp","href":"https:\/\/api.w.org\/{rel}","templated":true}]}}